{"id":13819,"date":"2024-01-08T09:02:14","date_gmt":"2024-01-08T08:02:14","guid":{"rendered":"https:\/\/milke.se\/?p=13819"},"modified":"2024-01-08T09:14:49","modified_gmt":"2024-01-08T08:14:49","slug":"produkt-roku-2023-milke","status":"publish","type":"post","link":"https:\/\/milke.se\/en\/produkt-roku-2023-milke\/","title":{"rendered":"Produkt Roku 2023 MILKE"},"content":{"rendered":"<blockquote class=\"wp-block-quote is-layout-flow wp-block-quote-is-layout-flow\">\n<p>Nowoczesno\u015b\u0107, czy klasyka?\u00a0Minimalizm, czy przytulno\u015b\u0107?\u00a0Tabelki w Excelu nie pozostawiaj\u0105 w\u0105tpliwo\u015bci \u2013 nasi klienci w tym roku najcz\u0119\u015bciej wybierali\u2026 obie opcje.<\/p>\n<\/blockquote>\n\n\n\n<p>Stara Ceg\u0142a i LONG w 2023 roku depta\u0142y sobie po pi\u0119tach i nie ma tu mowy nawet o wygranej na d\u0142ugo\u015b\u0107 p\u0142ytki. Dla nas to super wiadomo\u015b\u0107! Cieszymy si\u0119 z tego, \u017ce odbiorcy MILKE s\u0105 w ka\u017cdej z estetycznych frakcji, a przede wszystkim \u2013 \u017ce wybieraj\u0105c elementy wyko\u0144czeniowe do swoich wymarzonych dom\u00f3w kieruj\u0105 si\u0119 sercem.<\/p>\n\n\n\n<figure class=\"wp-block-gallery has-nested-images columns-default is-cropped wp-block-gallery-1 is-layout-flex wp-block-gallery-is-layout-flex\">\n<figure class=\"wp-block-image size-large\"><a href=\"https:\/\/milke.se\/wp-content\/uploads\/2020\/07\/Stara-Cegla-MILKE-kolor-naturalny-310.png\"><img loading=\"lazy\" decoding=\"async\" width=\"1024\" height=\"662\" data-id=\"12036\" src=\"https:\/\/milke.se\/wp-content\/uploads\/2020\/07\/Stara-Cegla-MILKE-kolor-naturalny-310-1024x662.png\" alt=\"\" class=\"wp-image-12036\" srcset=\"https:\/\/milke.se\/wp-content\/uploads\/2020\/07\/Stara-Cegla-MILKE-kolor-naturalny-310-1024x662.png 1024w, https:\/\/milke.se\/wp-content\/uploads\/2020\/07\/Stara-Cegla-MILKE-kolor-naturalny-310-300x194.png 300w, https:\/\/milke.se\/wp-content\/uploads\/2020\/07\/Stara-Cegla-MILKE-kolor-naturalny-310-768x497.png 768w, https:\/\/milke.se\/wp-content\/uploads\/2020\/07\/Stara-Cegla-MILKE-kolor-naturalny-310-565x365.png 565w, https:\/\/milke.se\/wp-content\/uploads\/2020\/07\/Stara-Cegla-MILKE-kolor-naturalny-310-937x606.png 937w, https:\/\/milke.se\/wp-content\/uploads\/2020\/07\/Stara-Cegla-MILKE-kolor-naturalny-310.png 1500w\" sizes=\"auto, (max-width: 1024px) 100vw, 1024px\" \/><\/a><\/figure>\n\n\n\n<figure class=\"wp-block-image size-large\"><a href=\"https:\/\/milke.se\/wp-content\/uploads\/2019\/09\/Plytka-LONG-MILKE-kolor-naturalny-108.png\"><img loading=\"lazy\" decoding=\"async\" width=\"1024\" height=\"662\" data-id=\"11913\" src=\"https:\/\/milke.se\/wp-content\/uploads\/2019\/09\/Plytka-LONG-MILKE-kolor-naturalny-108-1024x662.png\" alt=\"\" class=\"wp-image-11913\" srcset=\"https:\/\/milke.se\/wp-content\/uploads\/2019\/09\/Plytka-LONG-MILKE-kolor-naturalny-108-1024x662.png 1024w, https:\/\/milke.se\/wp-content\/uploads\/2019\/09\/Plytka-LONG-MILKE-kolor-naturalny-108-300x194.png 300w, https:\/\/milke.se\/wp-content\/uploads\/2019\/09\/Plytka-LONG-MILKE-kolor-naturalny-108-768x497.png 768w, https:\/\/milke.se\/wp-content\/uploads\/2019\/09\/Plytka-LONG-MILKE-kolor-naturalny-108-565x365.png 565w, https:\/\/milke.se\/wp-content\/uploads\/2019\/09\/Plytka-LONG-MILKE-kolor-naturalny-108-937x606.png 937w, https:\/\/milke.se\/wp-content\/uploads\/2019\/09\/Plytka-LONG-MILKE-kolor-naturalny-108.png 1500w\" sizes=\"auto, (max-width: 1024px) 100vw, 1024px\" \/><\/a><\/figure>\n<\/figure>\n\n\n\n<blockquote class=\"wp-block-quote is-layout-flow wp-block-quote-is-layout-flow\">\n<p>Fanom rustykalnego nastroju nie trzeba przedstawia\u0107 Starej Ceg\u0142y. <\/p>\n<\/blockquote>\n\n\n\n<p>To idealny wyb\u00f3r zar\u00f3wno na elewacje, jak i do wn\u0119trz. Wzorowana na ponad stuletnich wyrobach, r\u0119cznie barwiona Stara Ceg\u0142a sprawdza si\u0119 wsz\u0119dzie tam, gdzie poszukujemy ciep\u0142a i spokoju. Jej klasyczny format z licznymi nier\u00f3wno\u015bciami, w\u017cerami i przebarwieniami nadaje \u015bcianom charakter starego muru \u2013 szybko, prosto i\u2026 lekko.\u00a0<\/p>\n\n\n\n<p>Opr\u00f3cz zalet estetycznych, nasze betonowe p\u0142ytki ceglane charakteryzuj\u0105 si\u0119 tak\u017ce nisk\u0105 wag\u0105, dzi\u0119ki czemu mo\u017cna je stosowa\u0107 wsz\u0119dzie tam, gdzie tradycyjna ceg\u0142a nie wchodzi w gr\u0119.<\/p>\n\n\n\n<figure class=\"wp-block-gallery has-nested-images columns-2 is-cropped wp-block-gallery-2 is-layout-flex wp-block-gallery-is-layout-flex\">\n<figure class=\"wp-block-image size-large\"><a href=\"https:\/\/milke.se\/wp-content\/uploads\/2021\/09\/MILKE-Stara-Cegla-Crowne-Plaza-Warsaw-The-HUB-11-scaled.jpg\"><img loading=\"lazy\" decoding=\"async\" width=\"1024\" height=\"683\" data-id=\"9361\" src=\"https:\/\/milke.se\/wp-content\/uploads\/2021\/09\/MILKE-Stara-Cegla-Crowne-Plaza-Warsaw-The-HUB-11-1024x683.jpg\" alt=\"\" class=\"wp-image-9361\" srcset=\"https:\/\/milke.se\/wp-content\/uploads\/2021\/09\/MILKE-Stara-Cegla-Crowne-Plaza-Warsaw-The-HUB-11-1024x683.jpg 1024w, https:\/\/milke.se\/wp-content\/uploads\/2021\/09\/MILKE-Stara-Cegla-Crowne-Plaza-Warsaw-The-HUB-11-300x200.jpg 300w, https:\/\/milke.se\/wp-content\/uploads\/2021\/09\/MILKE-Stara-Cegla-Crowne-Plaza-Warsaw-The-HUB-11-768x512.jpg 768w, https:\/\/milke.se\/wp-content\/uploads\/2021\/09\/MILKE-Stara-Cegla-Crowne-Plaza-Warsaw-The-HUB-11-1536x1024.jpg 1536w, https:\/\/milke.se\/wp-content\/uploads\/2021\/09\/MILKE-Stara-Cegla-Crowne-Plaza-Warsaw-The-HUB-11-2048x1365.jpg 2048w, https:\/\/milke.se\/wp-content\/uploads\/2021\/09\/MILKE-Stara-Cegla-Crowne-Plaza-Warsaw-The-HUB-11-360x240.jpg 360w, https:\/\/milke.se\/wp-content\/uploads\/2021\/09\/MILKE-Stara-Cegla-Crowne-Plaza-Warsaw-The-HUB-11-565x377.jpg 565w, https:\/\/milke.se\/wp-content\/uploads\/2021\/09\/MILKE-Stara-Cegla-Crowne-Plaza-Warsaw-The-HUB-11-937x625.jpg 937w\" sizes=\"auto, (max-width: 1024px) 100vw, 1024px\" \/><\/a><\/figure>\n\n\n\n<figure class=\"wp-block-image size-large\"><a href=\"https:\/\/milke.se\/wp-content\/uploads\/2021\/07\/Stara-Cegla-MILKE-Purose.png\"><img loading=\"lazy\" decoding=\"async\" width=\"556\" height=\"361\" data-id=\"8929\" src=\"https:\/\/milke.se\/wp-content\/uploads\/2021\/07\/Stara-Cegla-MILKE-Purose.png\" alt=\"\" class=\"wp-image-8929\" srcset=\"https:\/\/milke.se\/wp-content\/uploads\/2021\/07\/Stara-Cegla-MILKE-Purose.png 556w, https:\/\/milke.se\/wp-content\/uploads\/2021\/07\/Stara-Cegla-MILKE-Purose-300x195.png 300w\" sizes=\"auto, (max-width: 556px) 100vw, 556px\" \/><\/a><\/figure>\n\n\n\n<figure class=\"wp-block-image size-large\"><a href=\"https:\/\/milke.se\/wp-content\/uploads\/2022\/08\/MILKE-Stara-Cegla-Royal-Tulip-Warsaw-Apartments-8-scaled.jpg\"><img loading=\"lazy\" decoding=\"async\" width=\"683\" height=\"1024\" data-id=\"10964\" src=\"https:\/\/milke.se\/wp-content\/uploads\/2022\/08\/MILKE-Stara-Cegla-Royal-Tulip-Warsaw-Apartments-8-683x1024.jpg\" alt=\"\" class=\"wp-image-10964\" srcset=\"https:\/\/milke.se\/wp-content\/uploads\/2022\/08\/MILKE-Stara-Cegla-Royal-Tulip-Warsaw-Apartments-8-683x1024.jpg 683w, https:\/\/milke.se\/wp-content\/uploads\/2022\/08\/MILKE-Stara-Cegla-Royal-Tulip-Warsaw-Apartments-8-200x300.jpg 200w, https:\/\/milke.se\/wp-content\/uploads\/2022\/08\/MILKE-Stara-Cegla-Royal-Tulip-Warsaw-Apartments-8-768x1152.jpg 768w, https:\/\/milke.se\/wp-content\/uploads\/2022\/08\/MILKE-Stara-Cegla-Royal-Tulip-Warsaw-Apartments-8-1024x1536.jpg 1024w, https:\/\/milke.se\/wp-content\/uploads\/2022\/08\/MILKE-Stara-Cegla-Royal-Tulip-Warsaw-Apartments-8-1365x2048.jpg 1365w, https:\/\/milke.se\/wp-content\/uploads\/2022\/08\/MILKE-Stara-Cegla-Royal-Tulip-Warsaw-Apartments-8-565x848.jpg 565w, https:\/\/milke.se\/wp-content\/uploads\/2022\/08\/MILKE-Stara-Cegla-Royal-Tulip-Warsaw-Apartments-8-937x1406.jpg 937w, https:\/\/milke.se\/wp-content\/uploads\/2022\/08\/MILKE-Stara-Cegla-Royal-Tulip-Warsaw-Apartments-8-scaled.jpg 1707w\" sizes=\"auto, (max-width: 683px) 100vw, 683px\" \/><\/a><\/figure>\n\n\n\n<figure class=\"wp-block-image size-large\"><a href=\"https:\/\/milke.se\/wp-content\/uploads\/2021\/09\/MILKE-Stara-Cegla-Crowne-Plaza-Warsaw-The-HUB-12-scaled.jpg\"><img loading=\"lazy\" decoding=\"async\" width=\"683\" height=\"1024\" data-id=\"9362\" src=\"https:\/\/milke.se\/wp-content\/uploads\/2021\/09\/MILKE-Stara-Cegla-Crowne-Plaza-Warsaw-The-HUB-12-683x1024.jpg\" alt=\"\" class=\"wp-image-9362\" srcset=\"https:\/\/milke.se\/wp-content\/uploads\/2021\/09\/MILKE-Stara-Cegla-Crowne-Plaza-Warsaw-The-HUB-12-683x1024.jpg 683w, https:\/\/milke.se\/wp-content\/uploads\/2021\/09\/MILKE-Stara-Cegla-Crowne-Plaza-Warsaw-The-HUB-12-200x300.jpg 200w, https:\/\/milke.se\/wp-content\/uploads\/2021\/09\/MILKE-Stara-Cegla-Crowne-Plaza-Warsaw-The-HUB-12-768x1152.jpg 768w, https:\/\/milke.se\/wp-content\/uploads\/2021\/09\/MILKE-Stara-Cegla-Crowne-Plaza-Warsaw-The-HUB-12-1024x1536.jpg 1024w, https:\/\/milke.se\/wp-content\/uploads\/2021\/09\/MILKE-Stara-Cegla-Crowne-Plaza-Warsaw-The-HUB-12-1365x2048.jpg 1365w, https:\/\/milke.se\/wp-content\/uploads\/2021\/09\/MILKE-Stara-Cegla-Crowne-Plaza-Warsaw-The-HUB-12-565x848.jpg 565w, https:\/\/milke.se\/wp-content\/uploads\/2021\/09\/MILKE-Stara-Cegla-Crowne-Plaza-Warsaw-The-HUB-12-937x1406.jpg 937w, https:\/\/milke.se\/wp-content\/uploads\/2021\/09\/MILKE-Stara-Cegla-Crowne-Plaza-Warsaw-The-HUB-12-scaled.jpg 1707w\" sizes=\"auto, (max-width: 683px) 100vw, 683px\" \/><\/a><\/figure>\n\n\n\n<figure class=\"wp-block-image size-large\"><a href=\"https:\/\/milke.se\/wp-content\/uploads\/2020\/07\/Stara-Cegla-MILKE-kolor-naturalny-319.png\"><img loading=\"lazy\" decoding=\"async\" width=\"1024\" height=\"662\" data-id=\"12045\" src=\"https:\/\/milke.se\/wp-content\/uploads\/2020\/07\/Stara-Cegla-MILKE-kolor-naturalny-319-1024x662.png\" alt=\"\" class=\"wp-image-12045\" srcset=\"https:\/\/milke.se\/wp-content\/uploads\/2020\/07\/Stara-Cegla-MILKE-kolor-naturalny-319-1024x662.png 1024w, https:\/\/milke.se\/wp-content\/uploads\/2020\/07\/Stara-Cegla-MILKE-kolor-naturalny-319-300x194.png 300w, https:\/\/milke.se\/wp-content\/uploads\/2020\/07\/Stara-Cegla-MILKE-kolor-naturalny-319-768x497.png 768w, https:\/\/milke.se\/wp-content\/uploads\/2020\/07\/Stara-Cegla-MILKE-kolor-naturalny-319-565x365.png 565w, https:\/\/milke.se\/wp-content\/uploads\/2020\/07\/Stara-Cegla-MILKE-kolor-naturalny-319-937x606.png 937w, https:\/\/milke.se\/wp-content\/uploads\/2020\/07\/Stara-Cegla-MILKE-kolor-naturalny-319.png 1500w\" sizes=\"auto, (max-width: 1024px) 100vw, 1024px\" \/><\/a><\/figure>\n\n\n\n<figure class=\"wp-block-image size-large\"><a href=\"https:\/\/milke.se\/wp-content\/uploads\/2020\/07\/Stara-Cegla-MILKE-kolor-naturalny-309.png\"><img loading=\"lazy\" decoding=\"async\" width=\"1024\" height=\"662\" data-id=\"12035\" src=\"https:\/\/milke.se\/wp-content\/uploads\/2020\/07\/Stara-Cegla-MILKE-kolor-naturalny-309-1024x662.png\" alt=\"\" class=\"wp-image-12035\" srcset=\"https:\/\/milke.se\/wp-content\/uploads\/2020\/07\/Stara-Cegla-MILKE-kolor-naturalny-309-1024x662.png 1024w, https:\/\/milke.se\/wp-content\/uploads\/2020\/07\/Stara-Cegla-MILKE-kolor-naturalny-309-300x194.png 300w, https:\/\/milke.se\/wp-content\/uploads\/2020\/07\/Stara-Cegla-MILKE-kolor-naturalny-309-768x497.png 768w, https:\/\/milke.se\/wp-content\/uploads\/2020\/07\/Stara-Cegla-MILKE-kolor-naturalny-309-565x365.png 565w, https:\/\/milke.se\/wp-content\/uploads\/2020\/07\/Stara-Cegla-MILKE-kolor-naturalny-309-937x606.png 937w, https:\/\/milke.se\/wp-content\/uploads\/2020\/07\/Stara-Cegla-MILKE-kolor-naturalny-309.png 1500w\" sizes=\"auto, (max-width: 1024px) 100vw, 1024px\" \/><\/a><\/figure>\n<\/figure>\n\n\n\n<p><\/p>\n\n\n\n<blockquote class=\"wp-block-quote is-layout-flow wp-block-quote-is-layout-flow\">\n<p>Zwolennicy nowoczesnych klimat\u00f3w pokochali z kolei d\u0142ug\u0105 ceg\u0142\u0119 LONG<\/p>\n<\/blockquote>\n\n\n\n<p>\u2026 i ci\u0119\u017cko im si\u0119 dziwi\u0107. To wymarzony format dla budynk\u00f3w o wsp\u00f3\u0142czesnej linii, w kt\u00f3rych smuk\u0142y format p\u0142ytki pi\u0119knie podkre\u015bla p\u0142aszczyzny i kierunki,\u00a0a do tego zapewnia najr\u00f3\u017cniejsze mo\u017cliwo\u015bci aran\u017cacyjne.<\/p>\n\n\n\n<p>Wielbiciele minimalizmu najcz\u0119\u015bciej decyduj\u0105 si\u0119 na kompozycje bez przesuni\u0119cia i w pionie, z kolei osoby ceni\u0105ce naturalny wygl\u0105d stawiaj\u0105 na \u201cdzikie\u201d u\u0142o\u017cenie. Do wyboru mamy jeszcze u\u0142o\u017cenie z fug\u0105 lub bez, ze spoin\u0105 kontrastow\u0105 lub ton \u2013 w ton\u2026<\/p>\n\n\n\n<p>Ta p\u0142ytka to prawdziwy kameleon, plastycznie wpisuj\u0105cy si\u0119 w oczekiwania Inwestor\u00f3w i Architekt\u00f3w.\u00a0<\/p>\n\n\n\n<figure class=\"wp-block-gallery has-nested-images columns-2 is-cropped wp-block-gallery-3 is-layout-flex wp-block-gallery-is-layout-flex\">\n<figure class=\"wp-block-image size-large\"><a href=\"https:\/\/milke.se\/wp-content\/uploads\/2019\/09\/Plytka-LONG-MILKE-kolor-naturalny-104.png\"><img loading=\"lazy\" decoding=\"async\" width=\"1024\" height=\"662\" data-id=\"11901\" src=\"https:\/\/milke.se\/wp-content\/uploads\/2019\/09\/Plytka-LONG-MILKE-kolor-naturalny-104-1024x662.png\" alt=\"\" class=\"wp-image-11901\" srcset=\"https:\/\/milke.se\/wp-content\/uploads\/2019\/09\/Plytka-LONG-MILKE-kolor-naturalny-104-1024x662.png 1024w, https:\/\/milke.se\/wp-content\/uploads\/2019\/09\/Plytka-LONG-MILKE-kolor-naturalny-104-300x194.png 300w, https:\/\/milke.se\/wp-content\/uploads\/2019\/09\/Plytka-LONG-MILKE-kolor-naturalny-104-768x497.png 768w, https:\/\/milke.se\/wp-content\/uploads\/2019\/09\/Plytka-LONG-MILKE-kolor-naturalny-104-565x365.png 565w, https:\/\/milke.se\/wp-content\/uploads\/2019\/09\/Plytka-LONG-MILKE-kolor-naturalny-104-937x606.png 937w, https:\/\/milke.se\/wp-content\/uploads\/2019\/09\/Plytka-LONG-MILKE-kolor-naturalny-104.png 1500w\" sizes=\"auto, (max-width: 1024px) 100vw, 1024px\" \/><\/a><\/figure>\n\n\n\n<figure class=\"wp-block-image size-large\"><a href=\"https:\/\/milke.se\/wp-content\/uploads\/2023\/03\/zielona-plytka-LONG-MILKE.png\"><img loading=\"lazy\" decoding=\"async\" width=\"1024\" height=\"662\" data-id=\"12768\" src=\"https:\/\/milke.se\/wp-content\/uploads\/2023\/03\/zielona-plytka-LONG-MILKE-1024x662.png\" alt=\"\" class=\"wp-image-12768\" srcset=\"https:\/\/milke.se\/wp-content\/uploads\/2023\/03\/zielona-plytka-LONG-MILKE-1024x662.png 1024w, https:\/\/milke.se\/wp-content\/uploads\/2023\/03\/zielona-plytka-LONG-MILKE-300x194.png 300w, https:\/\/milke.se\/wp-content\/uploads\/2023\/03\/zielona-plytka-LONG-MILKE-768x497.png 768w, https:\/\/milke.se\/wp-content\/uploads\/2023\/03\/zielona-plytka-LONG-MILKE-565x365.png 565w, https:\/\/milke.se\/wp-content\/uploads\/2023\/03\/zielona-plytka-LONG-MILKE-937x606.png 937w, https:\/\/milke.se\/wp-content\/uploads\/2023\/03\/zielona-plytka-LONG-MILKE.png 1500w\" sizes=\"auto, (max-width: 1024px) 100vw, 1024px\" \/><\/a><\/figure>\n\n\n\n<figure class=\"wp-block-image size-large\"><a href=\"https:\/\/milke.se\/wp-content\/uploads\/2022\/08\/MILKE-plytka-LONG-kolor-indywidualny-Magdalenka-11-scaled.jpg\"><img loading=\"lazy\" decoding=\"async\" width=\"683\" height=\"1024\" data-id=\"10926\" src=\"https:\/\/milke.se\/wp-content\/uploads\/2022\/08\/MILKE-plytka-LONG-kolor-indywidualny-Magdalenka-11-683x1024.jpg\" alt=\"\" class=\"wp-image-10926\" srcset=\"https:\/\/milke.se\/wp-content\/uploads\/2022\/08\/MILKE-plytka-LONG-kolor-indywidualny-Magdalenka-11-683x1024.jpg 683w, https:\/\/milke.se\/wp-content\/uploads\/2022\/08\/MILKE-plytka-LONG-kolor-indywidualny-Magdalenka-11-200x300.jpg 200w, https:\/\/milke.se\/wp-content\/uploads\/2022\/08\/MILKE-plytka-LONG-kolor-indywidualny-Magdalenka-11-768x1152.jpg 768w, https:\/\/milke.se\/wp-content\/uploads\/2022\/08\/MILKE-plytka-LONG-kolor-indywidualny-Magdalenka-11-1024x1536.jpg 1024w, https:\/\/milke.se\/wp-content\/uploads\/2022\/08\/MILKE-plytka-LONG-kolor-indywidualny-Magdalenka-11-1365x2048.jpg 1365w, https:\/\/milke.se\/wp-content\/uploads\/2022\/08\/MILKE-plytka-LONG-kolor-indywidualny-Magdalenka-11-565x848.jpg 565w, https:\/\/milke.se\/wp-content\/uploads\/2022\/08\/MILKE-plytka-LONG-kolor-indywidualny-Magdalenka-11-937x1406.jpg 937w, https:\/\/milke.se\/wp-content\/uploads\/2022\/08\/MILKE-plytka-LONG-kolor-indywidualny-Magdalenka-11-scaled.jpg 1707w\" sizes=\"auto, (max-width: 683px) 100vw, 683px\" \/><\/a><\/figure>\n\n\n\n<figure class=\"wp-block-image size-large\"><a href=\"https:\/\/milke.se\/wp-content\/uploads\/2022\/08\/Malu-Kunkiewicz-Architekci-LONG-MILKE-12-scaled.jpg\"><img loading=\"lazy\" decoding=\"async\" width=\"683\" height=\"1024\" data-id=\"10998\" src=\"https:\/\/milke.se\/wp-content\/uploads\/2022\/08\/Malu-Kunkiewicz-Architekci-LONG-MILKE-12-683x1024.jpg\" alt=\"\" class=\"wp-image-10998\" srcset=\"https:\/\/milke.se\/wp-content\/uploads\/2022\/08\/Malu-Kunkiewicz-Architekci-LONG-MILKE-12-683x1024.jpg 683w, https:\/\/milke.se\/wp-content\/uploads\/2022\/08\/Malu-Kunkiewicz-Architekci-LONG-MILKE-12-200x300.jpg 200w, https:\/\/milke.se\/wp-content\/uploads\/2022\/08\/Malu-Kunkiewicz-Architekci-LONG-MILKE-12-768x1152.jpg 768w, https:\/\/milke.se\/wp-content\/uploads\/2022\/08\/Malu-Kunkiewicz-Architekci-LONG-MILKE-12-1024x1536.jpg 1024w, https:\/\/milke.se\/wp-content\/uploads\/2022\/08\/Malu-Kunkiewicz-Architekci-LONG-MILKE-12-1365x2048.jpg 1365w, https:\/\/milke.se\/wp-content\/uploads\/2022\/08\/Malu-Kunkiewicz-Architekci-LONG-MILKE-12-565x848.jpg 565w, https:\/\/milke.se\/wp-content\/uploads\/2022\/08\/Malu-Kunkiewicz-Architekci-LONG-MILKE-12-937x1406.jpg 937w, https:\/\/milke.se\/wp-content\/uploads\/2022\/08\/Malu-Kunkiewicz-Architekci-LONG-MILKE-12-scaled.jpg 1707w\" sizes=\"auto, (max-width: 683px) 100vw, 683px\" \/><\/a><\/figure>\n\n\n\n<figure class=\"wp-block-image size-large\"><a href=\"https:\/\/milke.se\/wp-content\/uploads\/2019\/09\/Plytka-LONG-MILKE-kolor-indywidulany-100.png\"><img loading=\"lazy\" decoding=\"async\" width=\"1024\" height=\"662\" data-id=\"11892\" src=\"https:\/\/milke.se\/wp-content\/uploads\/2019\/09\/Plytka-LONG-MILKE-kolor-indywidulany-100-1024x662.png\" alt=\"\" class=\"wp-image-11892\" srcset=\"https:\/\/milke.se\/wp-content\/uploads\/2019\/09\/Plytka-LONG-MILKE-kolor-indywidulany-100-1024x662.png 1024w, https:\/\/milke.se\/wp-content\/uploads\/2019\/09\/Plytka-LONG-MILKE-kolor-indywidulany-100-300x194.png 300w, https:\/\/milke.se\/wp-content\/uploads\/2019\/09\/Plytka-LONG-MILKE-kolor-indywidulany-100-768x497.png 768w, https:\/\/milke.se\/wp-content\/uploads\/2019\/09\/Plytka-LONG-MILKE-kolor-indywidulany-100-565x365.png 565w, https:\/\/milke.se\/wp-content\/uploads\/2019\/09\/Plytka-LONG-MILKE-kolor-indywidulany-100-937x606.png 937w, https:\/\/milke.se\/wp-content\/uploads\/2019\/09\/Plytka-LONG-MILKE-kolor-indywidulany-100.png 1500w\" sizes=\"auto, (max-width: 1024px) 100vw, 1024px\" \/><\/a><\/figure>\n\n\n\n<figure class=\"wp-block-image size-large\"><a href=\"https:\/\/milke.se\/wp-content\/uploads\/2019\/09\/Plytka-LONG-MILKE-kolor-indywidulany-skalna-biel-107.png\"><img loading=\"lazy\" decoding=\"async\" width=\"1024\" height=\"662\" data-id=\"11906\" src=\"https:\/\/milke.se\/wp-content\/uploads\/2019\/09\/Plytka-LONG-MILKE-kolor-indywidulany-skalna-biel-107-1024x662.png\" alt=\"\" class=\"wp-image-11906\" srcset=\"https:\/\/milke.se\/wp-content\/uploads\/2019\/09\/Plytka-LONG-MILKE-kolor-indywidulany-skalna-biel-107-1024x662.png 1024w, https:\/\/milke.se\/wp-content\/uploads\/2019\/09\/Plytka-LONG-MILKE-kolor-indywidulany-skalna-biel-107-300x194.png 300w, https:\/\/milke.se\/wp-content\/uploads\/2019\/09\/Plytka-LONG-MILKE-kolor-indywidulany-skalna-biel-107-768x497.png 768w, https:\/\/milke.se\/wp-content\/uploads\/2019\/09\/Plytka-LONG-MILKE-kolor-indywidulany-skalna-biel-107-565x365.png 565w, https:\/\/milke.se\/wp-content\/uploads\/2019\/09\/Plytka-LONG-MILKE-kolor-indywidulany-skalna-biel-107-937x606.png 937w, https:\/\/milke.se\/wp-content\/uploads\/2019\/09\/Plytka-LONG-MILKE-kolor-indywidulany-skalna-biel-107.png 1500w\" sizes=\"auto, (max-width: 1024px) 100vw, 1024px\" \/><\/a><\/figure>\n<\/figure>\n\n\n\n<blockquote class=\"wp-block-quote is-layout-flow wp-block-quote-is-layout-flow\">\n<p>Zar\u00f3wno za Star\u0105 Ceg\u0142\u0105, jak i p\u0142ytk\u0105 LONG stoj\u0105 tak\u017ce:<\/p>\n<\/blockquote>\n\n\n\n<ul class=\"wp-block-list\">\n<li>mrozoodporno\u015b\u0107<\/li>\n\n\n\n<li>\u0142atwy monta\u017c<\/li>\n\n\n\n<li>odporno\u015b\u0107<\/li>\n\n\n\n<li>pi\u0119kna kolorystyka, obejmuj\u0105ca kilkana\u015bcie wybarwie\u0144 podstawowych i niezliczon\u0105 palet\u0119 kolor\u00f3w na zam\u00f3wienie<\/li>\n\n\n\n<li>dodatkowe elementy wyko\u0144czeniowe (naro\u017cniki i po\u0142\u00f3wki)<\/li>\n\n\n\n<li>a w razie potrzeby mo\u017cliwo\u015b\u0107 wykonania nietypowych element\u00f3w na zam\u00f3wienie (np. o wi\u0119kszej grubo\u015bci)<\/li>\n<\/ul>\n\n\n\n<p><\/p>\n\n\n\n<p class=\"has-black-color has-text-color\">Ko\u0144cz\u0105c tegoroczne podsumowanie pytamy zatem: Jak tu ich (obu) nie kocha\u0107? \ud83d\ude42\u00a0<\/p>\n\n\n\n<p>\u00a0<\/p>","protected":false},"excerpt":{"rendered":"<p>Nowoczesno\u015b\u0107, czy klasyka?\u00a0Minimalizm, czy przytulno\u015b\u0107?\u00a0Tabelki w Excelu nie pozostawiaj\u0105 w\u0105tpliwo\u015bci \u2013 nasi klienci w tym roku najcz\u0119\u015bciej wybierali\u2026 obie opcje. Stara Ceg\u0142a i LONG w 2023 roku depta\u0142y sobie po&hellip;<\/p>","protected":false},"author":10,"featured_media":11901,"comment_status":"closed","ping_status":"closed","sticky":false,"template":"","format":"standard","meta":{"footnotes":""},"categories":[23,102],"tags":[],"class_list":["post-13819","post","type-post","status-publish","format-standard","has-post-thumbnail","hentry","category-milke-brick","category-o-nas"],"yoast_head":"<!-- This site is optimized with the Yoast SEO plugin v27.5 - https:\/\/yoast.com\/product\/yoast-seo-wordpress\/ -->\n<title>Produkt Roku 2023 MILKE - Sklep milke.se<\/title>\n<meta name=\"robots\" content=\"index, follow, max-snippet:-1, max-image-preview:large, max-video-preview:-1\" \/>\n<link rel=\"canonical\" href=\"http:\/\/milke.se\/en\/produkt-roku-2023-milke\/\" \/>\n<meta property=\"og:locale\" content=\"en_GB\" \/>\n<meta property=\"og:type\" content=\"article\" \/>\n<meta property=\"og:title\" content=\"Produkt Roku 2023 MILKE - Sklep milke.se\" \/>\n<meta property=\"og:description\" content=\"Nowoczesno\u015b\u0107, czy klasyka?\u00a0Minimalizm, czy przytulno\u015b\u0107?\u00a0Tabelki w Excelu nie pozostawiaj\u0105 w\u0105tpliwo\u015bci \u2013 nasi klienci w tym roku najcz\u0119\u015bciej wybierali\u2026 obie opcje. Stara Ceg\u0142a i LONG w 2023 roku depta\u0142y sobie po&hellip;\" \/>\n<meta property=\"og:url\" content=\"http:\/\/milke.se\/en\/produkt-roku-2023-milke\/\" \/>\n<meta property=\"og:site_name\" content=\"Sklep milke.se\" \/>\n<meta property=\"article:published_time\" content=\"2024-01-08T08:02:14+00:00\" \/>\n<meta property=\"article:modified_time\" content=\"2024-01-08T08:14:49+00:00\" \/>\n<meta property=\"og:image\" content=\"http:\/\/milke.se\/wp-content\/uploads\/2019\/09\/Plytka-LONG-MILKE-kolor-naturalny-104-1024x662.png\" \/>\n\t<meta property=\"og:image:width\" content=\"1024\" \/>\n\t<meta property=\"og:image:height\" content=\"662\" \/>\n\t<meta property=\"og:image:type\" content=\"image\/png\" \/>\n<meta name=\"author\" content=\"gosia\" \/>\n<meta name=\"twitter:card\" content=\"summary_large_image\" \/>\n<meta name=\"twitter:label1\" content=\"Written by\" \/>\n\t<meta name=\"twitter:data1\" content=\"gosia\" \/>\n<script type=\"application\/ld+json\" class=\"yoast-schema-graph\">{\"@context\":\"https:\\\/\\\/schema.org\",\"@graph\":[{\"@type\":\"Article\",\"@id\":\"http:\\\/\\\/milke.se\\\/produkt-roku-2023-milke\\\/#article\",\"isPartOf\":{\"@id\":\"http:\\\/\\\/milke.se\\\/produkt-roku-2023-milke\\\/\"},\"author\":{\"name\":\"gosia\",\"@id\":\"https:\\\/\\\/milke.se\\\/#\\\/schema\\\/person\\\/fadf617787bffa00eed5e043f93c6658\"},\"headline\":\"Produkt Roku 2023 MILKE\",\"datePublished\":\"2024-01-08T08:02:14+00:00\",\"dateModified\":\"2024-01-08T08:14:49+00:00\",\"mainEntityOfPage\":{\"@id\":\"http:\\\/\\\/milke.se\\\/produkt-roku-2023-milke\\\/\"},\"wordCount\":386,\"image\":{\"@id\":\"http:\\\/\\\/milke.se\\\/produkt-roku-2023-milke\\\/#primaryimage\"},\"thumbnailUrl\":\"https:\\\/\\\/milke.se\\\/wp-content\\\/uploads\\\/2019\\\/09\\\/Plytka-LONG-MILKE-kolor-naturalny-104.png\",\"articleSection\":[\"Milke Brick\",\"O nas\"],\"inLanguage\":\"en-GB\"},{\"@type\":\"WebPage\",\"@id\":\"http:\\\/\\\/milke.se\\\/produkt-roku-2023-milke\\\/\",\"url\":\"http:\\\/\\\/milke.se\\\/produkt-roku-2023-milke\\\/\",\"name\":\"Produkt Roku 2023 MILKE - Sklep milke.se\",\"isPartOf\":{\"@id\":\"https:\\\/\\\/milke.se\\\/#website\"},\"primaryImageOfPage\":{\"@id\":\"http:\\\/\\\/milke.se\\\/produkt-roku-2023-milke\\\/#primaryimage\"},\"image\":{\"@id\":\"http:\\\/\\\/milke.se\\\/produkt-roku-2023-milke\\\/#primaryimage\"},\"thumbnailUrl\":\"https:\\\/\\\/milke.se\\\/wp-content\\\/uploads\\\/2019\\\/09\\\/Plytka-LONG-MILKE-kolor-naturalny-104.png\",\"datePublished\":\"2024-01-08T08:02:14+00:00\",\"dateModified\":\"2024-01-08T08:14:49+00:00\",\"author\":{\"@id\":\"https:\\\/\\\/milke.se\\\/#\\\/schema\\\/person\\\/fadf617787bffa00eed5e043f93c6658\"},\"breadcrumb\":{\"@id\":\"http:\\\/\\\/milke.se\\\/produkt-roku-2023-milke\\\/#breadcrumb\"},\"inLanguage\":\"en-GB\",\"potentialAction\":[{\"@type\":\"ReadAction\",\"target\":[\"http:\\\/\\\/milke.se\\\/produkt-roku-2023-milke\\\/\"]}]},{\"@type\":\"ImageObject\",\"inLanguage\":\"en-GB\",\"@id\":\"http:\\\/\\\/milke.se\\\/produkt-roku-2023-milke\\\/#primaryimage\",\"url\":\"https:\\\/\\\/milke.se\\\/wp-content\\\/uploads\\\/2019\\\/09\\\/Plytka-LONG-MILKE-kolor-naturalny-104.png\",\"contentUrl\":\"https:\\\/\\\/milke.se\\\/wp-content\\\/uploads\\\/2019\\\/09\\\/Plytka-LONG-MILKE-kolor-naturalny-104.png\",\"width\":1500,\"height\":970},{\"@type\":\"BreadcrumbList\",\"@id\":\"http:\\\/\\\/milke.se\\\/produkt-roku-2023-milke\\\/#breadcrumb\",\"itemListElement\":[{\"@type\":\"ListItem\",\"position\":1,\"name\":\"Strona g\u0142\u00f3wna\",\"item\":\"https:\\\/\\\/milke.se\\\/\"},{\"@type\":\"ListItem\",\"position\":2,\"name\":\"Produkt Roku 2023 MILKE\"}]},{\"@type\":\"WebSite\",\"@id\":\"https:\\\/\\\/milke.se\\\/#website\",\"url\":\"https:\\\/\\\/milke.se\\\/\",\"name\":\"Sklep milke.se\",\"description\":\"\",\"potentialAction\":[{\"@type\":\"SearchAction\",\"target\":{\"@type\":\"EntryPoint\",\"urlTemplate\":\"https:\\\/\\\/milke.se\\\/?s={search_term_string}\"},\"query-input\":{\"@type\":\"PropertyValueSpecification\",\"valueRequired\":true,\"valueName\":\"search_term_string\"}}],\"inLanguage\":\"en-GB\"},{\"@type\":\"Person\",\"@id\":\"https:\\\/\\\/milke.se\\\/#\\\/schema\\\/person\\\/fadf617787bffa00eed5e043f93c6658\",\"name\":\"gosia\",\"image\":{\"@type\":\"ImageObject\",\"inLanguage\":\"en-GB\",\"@id\":\"https:\\\/\\\/secure.gravatar.com\\\/avatar\\\/d015641c701744bad013fbd8e231a522c13d4427fa0ef10ccc1b97361270dec2?s=96&d=mm&r=g\",\"url\":\"https:\\\/\\\/secure.gravatar.com\\\/avatar\\\/d015641c701744bad013fbd8e231a522c13d4427fa0ef10ccc1b97361270dec2?s=96&d=mm&r=g\",\"contentUrl\":\"https:\\\/\\\/secure.gravatar.com\\\/avatar\\\/d015641c701744bad013fbd8e231a522c13d4427fa0ef10ccc1b97361270dec2?s=96&d=mm&r=g\",\"caption\":\"gosia\"},\"description\":\"Ma\u0142gorzata Milke Head of Marketing MILKE | Marketing kreatywny | Marketing internetowy | Strategia + Komunikacja | Tworz\u0119 biznesowe pomys\u0142y. Wykorzystuj\u0119 kreatywnie umys\u0142. Pisz\u0119 z pasj\u0105. Beton w moim towarzystwie w ko\u0144cu ma szasn\u0119 o\u017cy\u0107 i pokaza\u0107 sw\u00f3j prawdziwy charakter.\",\"url\":\"https:\\\/\\\/milke.se\\\/en\\\/author\\\/gosia\\\/\"}]}<\/script>\n<!-- \/ Yoast SEO plugin. -->","yoast_head_json":{"title":"Produkt Roku 2023 MILKE - Sklep milke.se","robots":{"index":"index","follow":"follow","max-snippet":"max-snippet:-1","max-image-preview":"max-image-preview:large","max-video-preview":"max-video-preview:-1"},"canonical":"http:\/\/milke.se\/en\/produkt-roku-2023-milke\/","og_locale":"en_GB","og_type":"article","og_title":"Produkt Roku 2023 MILKE - Sklep milke.se","og_description":"Nowoczesno\u015b\u0107, czy klasyka?\u00a0Minimalizm, czy przytulno\u015b\u0107?\u00a0Tabelki w Excelu nie pozostawiaj\u0105 w\u0105tpliwo\u015bci \u2013 nasi klienci w tym roku najcz\u0119\u015bciej wybierali\u2026 obie opcje. Stara Ceg\u0142a i LONG w 2023 roku depta\u0142y sobie po&hellip;","og_url":"http:\/\/milke.se\/en\/produkt-roku-2023-milke\/","og_site_name":"Sklep milke.se","article_published_time":"2024-01-08T08:02:14+00:00","article_modified_time":"2024-01-08T08:14:49+00:00","og_image":[{"width":1024,"height":662,"url":"http:\/\/milke.se\/wp-content\/uploads\/2019\/09\/Plytka-LONG-MILKE-kolor-naturalny-104-1024x662.png","type":"image\/png"}],"author":"gosia","twitter_card":"summary_large_image","twitter_misc":{"Written by":"gosia"},"schema":{"@context":"https:\/\/schema.org","@graph":[{"@type":"Article","@id":"http:\/\/milke.se\/produkt-roku-2023-milke\/#article","isPartOf":{"@id":"http:\/\/milke.se\/produkt-roku-2023-milke\/"},"author":{"name":"gosia","@id":"https:\/\/milke.se\/#\/schema\/person\/fadf617787bffa00eed5e043f93c6658"},"headline":"Produkt Roku 2023 MILKE","datePublished":"2024-01-08T08:02:14+00:00","dateModified":"2024-01-08T08:14:49+00:00","mainEntityOfPage":{"@id":"http:\/\/milke.se\/produkt-roku-2023-milke\/"},"wordCount":386,"image":{"@id":"http:\/\/milke.se\/produkt-roku-2023-milke\/#primaryimage"},"thumbnailUrl":"https:\/\/milke.se\/wp-content\/uploads\/2019\/09\/Plytka-LONG-MILKE-kolor-naturalny-104.png","articleSection":["Milke Brick","O nas"],"inLanguage":"en-GB"},{"@type":"WebPage","@id":"http:\/\/milke.se\/produkt-roku-2023-milke\/","url":"http:\/\/milke.se\/produkt-roku-2023-milke\/","name":"Produkt Roku 2023 MILKE - Sklep milke.se","isPartOf":{"@id":"https:\/\/milke.se\/#website"},"primaryImageOfPage":{"@id":"http:\/\/milke.se\/produkt-roku-2023-milke\/#primaryimage"},"image":{"@id":"http:\/\/milke.se\/produkt-roku-2023-milke\/#primaryimage"},"thumbnailUrl":"https:\/\/milke.se\/wp-content\/uploads\/2019\/09\/Plytka-LONG-MILKE-kolor-naturalny-104.png","datePublished":"2024-01-08T08:02:14+00:00","dateModified":"2024-01-08T08:14:49+00:00","author":{"@id":"https:\/\/milke.se\/#\/schema\/person\/fadf617787bffa00eed5e043f93c6658"},"breadcrumb":{"@id":"http:\/\/milke.se\/produkt-roku-2023-milke\/#breadcrumb"},"inLanguage":"en-GB","potentialAction":[{"@type":"ReadAction","target":["http:\/\/milke.se\/produkt-roku-2023-milke\/"]}]},{"@type":"ImageObject","inLanguage":"en-GB","@id":"http:\/\/milke.se\/produkt-roku-2023-milke\/#primaryimage","url":"https:\/\/milke.se\/wp-content\/uploads\/2019\/09\/Plytka-LONG-MILKE-kolor-naturalny-104.png","contentUrl":"https:\/\/milke.se\/wp-content\/uploads\/2019\/09\/Plytka-LONG-MILKE-kolor-naturalny-104.png","width":1500,"height":970},{"@type":"BreadcrumbList","@id":"http:\/\/milke.se\/produkt-roku-2023-milke\/#breadcrumb","itemListElement":[{"@type":"ListItem","position":1,"name":"Strona g\u0142\u00f3wna","item":"https:\/\/milke.se\/"},{"@type":"ListItem","position":2,"name":"Produkt Roku 2023 MILKE"}]},{"@type":"WebSite","@id":"https:\/\/milke.se\/#website","url":"https:\/\/milke.se\/","name":"Shop milke.se","description":"","potentialAction":[{"@type":"SearchAction","target":{"@type":"EntryPoint","urlTemplate":"https:\/\/milke.se\/?s={search_term_string}"},"query-input":{"@type":"PropertyValueSpecification","valueRequired":true,"valueName":"search_term_string"}}],"inLanguage":"en-GB"},{"@type":"Person","@id":"https:\/\/milke.se\/#\/schema\/person\/fadf617787bffa00eed5e043f93c6658","name":"gosia","image":{"@type":"ImageObject","inLanguage":"en-GB","@id":"https:\/\/secure.gravatar.com\/avatar\/d015641c701744bad013fbd8e231a522c13d4427fa0ef10ccc1b97361270dec2?s=96&d=mm&r=g","url":"https:\/\/secure.gravatar.com\/avatar\/d015641c701744bad013fbd8e231a522c13d4427fa0ef10ccc1b97361270dec2?s=96&d=mm&r=g","contentUrl":"https:\/\/secure.gravatar.com\/avatar\/d015641c701744bad013fbd8e231a522c13d4427fa0ef10ccc1b97361270dec2?s=96&d=mm&r=g","caption":"gosia"},"description":"Ma\u0142gorzata Milke Head of Marketing MILKE | Marketing kreatywny | Marketing internetowy | Strategia + Komunikacja | Tworz\u0119 biznesowe pomys\u0142y. Wykorzystuj\u0119 kreatywnie umys\u0142. Pisz\u0119 z pasj\u0105. Beton w moim towarzystwie w ko\u0144cu ma szasn\u0119 o\u017cy\u0107 i pokaza\u0107 sw\u00f3j prawdziwy charakter.","url":"https:\/\/milke.se\/en\/author\/gosia\/"}]}},"_links":{"self":[{"href":"https:\/\/milke.se\/en\/wp-json\/wp\/v2\/posts\/13819","targetHints":{"allow":["GET"]}}],"collection":[{"href":"https:\/\/milke.se\/en\/wp-json\/wp\/v2\/posts"}],"about":[{"href":"https:\/\/milke.se\/en\/wp-json\/wp\/v2\/types\/post"}],"author":[{"embeddable":true,"href":"https:\/\/milke.se\/en\/wp-json\/wp\/v2\/users\/10"}],"replies":[{"embeddable":true,"href":"https:\/\/milke.se\/en\/wp-json\/wp\/v2\/comments?post=13819"}],"version-history":[{"count":3,"href":"https:\/\/milke.se\/en\/wp-json\/wp\/v2\/posts\/13819\/revisions"}],"predecessor-version":[{"id":14697,"href":"https:\/\/milke.se\/en\/wp-json\/wp\/v2\/posts\/13819\/revisions\/14697"}],"wp:featuredmedia":[{"embeddable":true,"href":"https:\/\/milke.se\/en\/wp-json\/wp\/v2\/media\/11901"}],"wp:attachment":[{"href":"https:\/\/milke.se\/en\/wp-json\/wp\/v2\/media?parent=13819"}],"wp:term":[{"taxonomy":"category","embeddable":true,"href":"https:\/\/milke.se\/en\/wp-json\/wp\/v2\/categories?post=13819"},{"taxonomy":"post_tag","embeddable":true,"href":"https:\/\/milke.se\/en\/wp-json\/wp\/v2\/tags?post=13819"}],"curies":[{"name":"wp","href":"https:\/\/api.w.org\/{rel}","templated":true}]}}