{"id":14997,"date":"2024-09-02T16:23:25","date_gmt":"2024-09-02T14:23:25","guid":{"rendered":"https:\/\/milke.se\/?p=14997"},"modified":"2025-06-23T20:48:55","modified_gmt":"2025-06-23T18:48:55","slug":"dluga-cegla-scienna-i-elewacyjna-long-co-warto-wiedziec-przed-jej-zakupem-14-najwazniejszych-pytan-i-odpowiedzi","status":"publish","type":"post","link":"https:\/\/milke.se\/en\/dluga-cegla-scienna-i-elewacyjna-long-co-warto-wiedziec-przed-jej-zakupem-14-najwazniejszych-pytan-i-odpowiedzi\/","title":{"rendered":"D\u0142uga ceg\u0142a \u015bcienna i elewacyjna LONG &#8211; co warto wiedzie\u0107 przed jej zakupem? 14 najwa\u017cniejszych pyta\u0144 i odpowiedzi."},"content":{"rendered":"<p><mark style=\"background-color:rgba(0, 0, 0, 0)\" class=\"has-inline-color has-black-color\"><span style=\"text-decoration: underline;\">Ten artyku\u0142 przeczytasz w 12 minut i znajdziesz w nim:<\/span><\/mark><\/p>\n\n\n\n<ol class=\"wp-block-list\">\n<li>Odpowiedzi na 14 najwa\u017cniejszych pyta\u0144, kt\u00f3re warto rozwa\u017cy\u0107 przed zakupem p\u0142ytek LONG.<\/li>\n\n\n\n<li>Dowiesz si\u0119 m.in.: jak zastosowa\u0107 p\u0142ytki na elewacji i we wn\u0119trzach, jak dobiera\u0107 kolory, materia\u0142y towarzysz\u0105ce, a tak\u017ce o mo\u017cliwo\u015bciach monta\u017cu i wsparcia od MILKE. <\/li>\n\n\n\n<li>Te wskaz\u00f3wki pomog\u0105 Ci w pe\u0142ni wykorzysta\u0107 potencja\u0142 p\u0142ytek LONG, tworz\u0105c eleganckie i trwa\u0142e projekty.<\/li>\n<\/ol>\n\n\n\n<hr class=\"wp-block-separator has-alpha-channel-opacity is-style-dots\"\/>\n\n\n\n<h2 class=\"wp-block-heading\"><mark style=\"background-color:rgba(0, 0, 0, 0)\" class=\"has-inline-color has-black-color\">Ceg\u0142a LONG od MILKE to po\u0142\u0105czenie klasycznej elegancji i nowoczesnego designu, kt\u00f3re z powodzeniem wkomponowuje si\u0119 w najnowsze trendy architektoniczne.<\/mark> <\/h2>\n\n\n\n<p><span style=\"text-decoration: underline;\"><mark style=\"background-color:rgba(0, 0, 0, 0)\" class=\"has-inline-color has-black-color\">Jej d\u0142ugi, smuk\u0142y format i subtelna tekstura otwieraj\u0105 przed Tob\u0105 drzwi do stworzenia zar\u00f3wno eleganckich, minimalistycznych wn\u0119trz, jak i nowoczesnych elewacji.<\/mark><\/span> Aby pom\u00f3c Ci w pe\u0142ni wykorzysta\u0107 potencja\u0142 p\u0142ytek LONG, przygotowali\u015bmy kilka kluczowych wskaz\u00f3wek, kt\u00f3re sprawi\u0105, \u017ce Twoje projekty b\u0119d\u0105 wygl\u0105da\u0142y perfekcyjnie i spe\u0142ni\u0105 Twoje oczekiwania przez d\u0142ugie lata.<\/p>\n\n\n\n<blockquote class=\"wp-block-quote is-layout-flow wp-block-quote-is-layout-flow\">\n<p>D\u0142uga p\u0142ytka dekoracyjna LONG \u2013 dajemy Ci gar\u015b\u0107 wskaz\u00f3wek, aby Twoja elewacja by\u0142a spe\u0142nieniem ceglanych marze\u0144.<\/p>\n<\/blockquote>\n\n\n\n<p><\/p>\n\n\n\n<p><mark style=\"background-color:rgba(0, 0, 0, 0)\" class=\"has-inline-color has-black-color\"><span style=\"text-decoration: underline;\">Na start musimy wspomnie\u0107, \u017ce w ofercie p\u0142ytek ceglanych MILKE znajdziesz dwa warianty p\u0142ytek LONG: LONG Klasyczny i LONG RAW.<\/span><\/mark> Ich historia okazuje si\u0119 ca\u0142kiem oczywista\u2026\u00a0<\/p>\n\n\n\n<p>LONG sam w sobie, w swej d\u0142ugo\u015bci i delikatnej fakturze lica by\u0142 nasz\u0105 pierwsz\u0105, wyd\u0142u\u017con\u0105 p\u0142ytk\u0105. Przez d\u0142ugi czas kr\u00f3lowa\u0142 na salonach, a\u017c pewnego dnia do\u0142\u0105czy\u0142 do niego drugi model, zwany LONG RAW. Ta wersja by\u0142a bardziej zadziorna, surowa, rwana i szarpana.\u00a0<\/p>\n\n\n\n<p>Od tego momentu samo okre\u015blenie \u201eLONG\u201d przesta\u0142o ju\u017c wystarcza\u0107, poniewa\u017c rodzina si\u0119 powi\u0119kszy\u0142a, a my za ka\u017cdym razem dopytywali\u015bmy Was \u2013 czy chodzi o wersj\u0119 delikatniejsz\u0105, czy mocniejsz\u0105 w odbiorze?\u00a0Trzeba by\u0142o to jako\u015b uporz\u0105dkowa\u0107. <\/p>\n\n\n\n<blockquote class=\"wp-block-quote is-layout-flow wp-block-quote-is-layout-flow\">\n<p><a href=\"https:\/\/milke.se\/en\/product\/long-plytka-ceglana-dekoracyjna-dluga\/\"><span style=\"text-decoration: underline;\"><mark style=\"background-color:rgba(0, 0, 0, 0);color:#0e35ab\" class=\"has-inline-color\">Pierwszy LONG wyprodukowany w MILKE zyska\u0142 nazw\u0119 LONG klasycz<\/mark><\/span><\/a><a href=\"https:\/\/milke.se\/en\/product\/long-plytka-ceglana-dekoracyjna-dluga\/\" target=\"_blank\" rel=\"noreferrer noopener\"><span style=\"text-decoration: underline;\"><mark style=\"background-color:rgba(0, 0, 0, 0);color:#0e35ab\" class=\"has-inline-color\">ny<\/mark><\/span><\/a>, <span style=\"text-decoration: underline;\"><a href=\"https:\/\/milke.se\/en\/product\/long-raw-plytka-ceglana-dekoracyjna-dluga\/\" target=\"_blank\" rel=\"noreferrer noopener\"><mark style=\"background-color:rgba(0, 0, 0, 0);color:#0e35ab\" class=\"has-inline-color\">a drugi otrzyma\u0142 nazw\u0119 LONG RAW.<\/mark><\/a><\/span><\/p>\n<\/blockquote>\n\n\n\n<figure class=\"wp-block-gallery has-nested-images columns-default is-cropped wp-block-gallery-1 is-layout-flex wp-block-gallery-is-layout-flex\">\n<figure class=\"wp-block-image size-large\"><a href=\"https:\/\/milke.se\/en\/portfolio\/dom-blizniak-hubert-kowalski\/\" target=\"_blank\" rel=\"noreferrer noopener\"><img loading=\"lazy\" decoding=\"async\" width=\"1024\" height=\"662\" data-id=\"11902\" src=\"https:\/\/milke.se\/wp-content\/uploads\/2019\/09\/Plytka-LONG-MILKE-kolor-naturalny-105-1024x662.png\" alt=\"\" class=\"wp-image-11902\" srcset=\"https:\/\/milke.se\/wp-content\/uploads\/2019\/09\/Plytka-LONG-MILKE-kolor-naturalny-105-1024x662.png 1024w, https:\/\/milke.se\/wp-content\/uploads\/2019\/09\/Plytka-LONG-MILKE-kolor-naturalny-105-300x194.png 300w, https:\/\/milke.se\/wp-content\/uploads\/2019\/09\/Plytka-LONG-MILKE-kolor-naturalny-105-768x497.png 768w, https:\/\/milke.se\/wp-content\/uploads\/2019\/09\/Plytka-LONG-MILKE-kolor-naturalny-105-565x365.png 565w, https:\/\/milke.se\/wp-content\/uploads\/2019\/09\/Plytka-LONG-MILKE-kolor-naturalny-105-937x606.png 937w, https:\/\/milke.se\/wp-content\/uploads\/2019\/09\/Plytka-LONG-MILKE-kolor-naturalny-105.png 1500w\" sizes=\"auto, (max-width: 1024px) 100vw, 1024px\" \/><\/a><\/figure>\n\n\n\n<figure class=\"wp-block-image size-large\"><a href=\"https:\/\/milke.se\/en\/portfolio\/dom-blizniak-hubert-kowalski\/\" target=\"_blank\" rel=\"noreferrer noopener\"><img loading=\"lazy\" decoding=\"async\" width=\"1024\" height=\"662\" data-id=\"11901\" src=\"https:\/\/milke.se\/wp-content\/uploads\/2019\/09\/Plytka-LONG-MILKE-kolor-naturalny-104-1024x662.png\" alt=\"\" class=\"wp-image-11901\" srcset=\"https:\/\/milke.se\/wp-content\/uploads\/2019\/09\/Plytka-LONG-MILKE-kolor-naturalny-104-1024x662.png 1024w, https:\/\/milke.se\/wp-content\/uploads\/2019\/09\/Plytka-LONG-MILKE-kolor-naturalny-104-300x194.png 300w, https:\/\/milke.se\/wp-content\/uploads\/2019\/09\/Plytka-LONG-MILKE-kolor-naturalny-104-768x497.png 768w, https:\/\/milke.se\/wp-content\/uploads\/2019\/09\/Plytka-LONG-MILKE-kolor-naturalny-104-565x365.png 565w, https:\/\/milke.se\/wp-content\/uploads\/2019\/09\/Plytka-LONG-MILKE-kolor-naturalny-104-937x606.png 937w, https:\/\/milke.se\/wp-content\/uploads\/2019\/09\/Plytka-LONG-MILKE-kolor-naturalny-104.png 1500w\" sizes=\"auto, (max-width: 1024px) 100vw, 1024px\" \/><\/a><\/figure>\n<\/figure>\n\n\n\n<h3 class=\"wp-block-heading\"><\/h3>\n\n\n\n<h4 class=\"wp-block-heading\">1. Czy mog\u0119 u\u0142o\u017cy\u0107 p\u0142ytki LONG na elewacji?<\/h4>\n\n\n\n<p><span style=\"text-decoration: underline;\"><mark style=\"background-color:rgba(0, 0, 0, 0)\" class=\"has-inline-color has-black-color\">Oczywi\u015bcie! P\u0142ytki dekoracyjne\u00a0LONG\u00a0doskonale sprawdzaj\u0105 si\u0119 na elewacjach budynk\u00f3w.<\/mark><\/span> Ich smuk\u0142y format i delikatna faktura nadaj\u0105 fasadom nowoczesnego i eleganckiego wygl\u0105du.\u00a0Co wi\u0119cej, ceg\u0142a betonowa LONG jest odporna na wszelkie warunki atmosferyczne, takie jak deszcz, wiatr czy mr\u00f3z, co zapewnia jej trwa\u0142o\u015b\u0107 i d\u0142ugowieczno\u015b\u0107 na zewn\u0105trz.<\/p>\n\n\n\n<h4 class=\"wp-block-heading\">2. Czy LONG nadaje si\u0119 r\u00f3wnie\u017c do wn\u0119trz?<\/h4>\n\n\n\n<p><span style=\"text-decoration: underline;\"><mark style=\"background-color:rgba(0, 0, 0, 0)\" class=\"has-inline-color has-black-color\">Tak jest!\u00a0Ceg\u0142a \u015bcienna\u00a0LONG\u00a0jest idealnym wyborem do wn\u0119trz.<\/mark><\/span> Dzi\u0119ki mo\u017cliwo\u015bci uk\u0142adania p\u0142ytek w r\u00f3\u017cnych kierunkach oraz <span style=\"text-decoration: underline;\"><a href=\"https:\/\/milke.se\/en\/kolory\/\"><mark style=\"background-color:rgba(0, 0, 0, 0);color:#0e35ab\" class=\"has-inline-color\">szerokiej gamie kolor\u00f3<\/mark><\/a><a href=\"https:\/\/milke.se\/en\/kolory\/\" target=\"_blank\" rel=\"noreferrer noopener\"><mark style=\"background-color:rgba(0, 0, 0, 0);color:#0e35ab\" class=\"has-inline-color\">w<\/mark><\/a><mark style=\"background-color:rgba(0, 0, 0, 0);color:#0e35ab\" class=\"has-inline-color\">,<\/mark><\/span> LONG idealnie pasuje do salon\u00f3w, kuchni, \u0142azienek czy sypialni.<\/p>\n\n\n\n<p><\/p>\n\n\n\n<figure class=\"wp-block-gallery has-nested-images columns-default is-cropped wp-block-gallery-2 is-layout-flex wp-block-gallery-is-layout-flex\">\n<figure class=\"wp-block-image size-large\"><a href=\"https:\/\/milke.se\/en\/portfolio\/long-brick-nowa-cegla-stodola-arkano\/\" target=\"_blank\" rel=\"noreferrer noopener\"><img loading=\"lazy\" decoding=\"async\" width=\"1024\" height=\"768\" data-id=\"11101\" src=\"https:\/\/milke.se\/wp-content\/uploads\/2021\/02\/MILKE-Nowa-Cegla-Plytka-LONG-Arkano-Gdansk-Stodola2-1024x768.jpg\" alt=\"\" class=\"wp-image-11101\" srcset=\"https:\/\/milke.se\/wp-content\/uploads\/2021\/02\/MILKE-Nowa-Cegla-Plytka-LONG-Arkano-Gdansk-Stodola2-1024x768.jpg 1024w, https:\/\/milke.se\/wp-content\/uploads\/2021\/02\/MILKE-Nowa-Cegla-Plytka-LONG-Arkano-Gdansk-Stodola2-300x225.jpg 300w, https:\/\/milke.se\/wp-content\/uploads\/2021\/02\/MILKE-Nowa-Cegla-Plytka-LONG-Arkano-Gdansk-Stodola2-768x576.jpg 768w, https:\/\/milke.se\/wp-content\/uploads\/2021\/02\/MILKE-Nowa-Cegla-Plytka-LONG-Arkano-Gdansk-Stodola2-1536x1152.jpg 1536w, https:\/\/milke.se\/wp-content\/uploads\/2021\/02\/MILKE-Nowa-Cegla-Plytka-LONG-Arkano-Gdansk-Stodola2-2048x1536.jpg 2048w, https:\/\/milke.se\/wp-content\/uploads\/2021\/02\/MILKE-Nowa-Cegla-Plytka-LONG-Arkano-Gdansk-Stodola2-565x424.jpg 565w, https:\/\/milke.se\/wp-content\/uploads\/2021\/02\/MILKE-Nowa-Cegla-Plytka-LONG-Arkano-Gdansk-Stodola2-937x703.jpg 937w\" sizes=\"auto, (max-width: 1024px) 100vw, 1024px\" \/><\/a><\/figure>\n\n\n\n<figure class=\"wp-block-image size-large\"><a href=\"https:\/\/milke.se\/en\/portfolio\/long-brick-nowa-cegla-stodola-arkano\/\" target=\"_blank\" rel=\"noreferrer noopener\"><img loading=\"lazy\" decoding=\"async\" width=\"1024\" height=\"768\" data-id=\"11108\" src=\"https:\/\/milke.se\/wp-content\/uploads\/2021\/02\/MILKE-Nowa-Cegla-Plytka-LONG-Arkano-Gdansk-Stodola9-1024x768.jpg\" alt=\"\" class=\"wp-image-11108\" srcset=\"https:\/\/milke.se\/wp-content\/uploads\/2021\/02\/MILKE-Nowa-Cegla-Plytka-LONG-Arkano-Gdansk-Stodola9-1024x768.jpg 1024w, https:\/\/milke.se\/wp-content\/uploads\/2021\/02\/MILKE-Nowa-Cegla-Plytka-LONG-Arkano-Gdansk-Stodola9-300x225.jpg 300w, https:\/\/milke.se\/wp-content\/uploads\/2021\/02\/MILKE-Nowa-Cegla-Plytka-LONG-Arkano-Gdansk-Stodola9-768x576.jpg 768w, https:\/\/milke.se\/wp-content\/uploads\/2021\/02\/MILKE-Nowa-Cegla-Plytka-LONG-Arkano-Gdansk-Stodola9-1536x1152.jpg 1536w, https:\/\/milke.se\/wp-content\/uploads\/2021\/02\/MILKE-Nowa-Cegla-Plytka-LONG-Arkano-Gdansk-Stodola9-2048x1536.jpg 2048w, https:\/\/milke.se\/wp-content\/uploads\/2021\/02\/MILKE-Nowa-Cegla-Plytka-LONG-Arkano-Gdansk-Stodola9-565x424.jpg 565w, https:\/\/milke.se\/wp-content\/uploads\/2021\/02\/MILKE-Nowa-Cegla-Plytka-LONG-Arkano-Gdansk-Stodola9-937x703.jpg 937w\" sizes=\"auto, (max-width: 1024px) 100vw, 1024px\" \/><\/a><\/figure>\n<\/figure>\n\n\n\n<h4 class=\"wp-block-heading\">3. Czy chc\u0119 zostawi\u0107 sam\u0105 p\u0142ytk\u0119 LONG czy po\u0142\u0105cz\u0119 j\u0105 na \u015bcianie z innym materia\u0142em?<\/h4>\n\n\n\n<p><span style=\"text-decoration: underline;\"><mark style=\"background-color:rgba(0, 0, 0, 0)\" class=\"has-inline-color has-black-color\">Decyzja czy zastosowa\u0107 p\u0142ytk\u0119\u00a0LONG\u00a0jako samodzielny materia\u0142 wyko\u0144czeniowy na elewacji czy po\u0142\u0105czy\u0107 j\u0105 z innymi elementami, to wa\u017cny krok w procesie projektowania fasady budynku.<\/mark><\/span> Wyb\u00f3r zale\u017cy od stylu architektonicznego jaki chcesz osi\u0105gn\u0105\u0107 oraz od charakteru otoczenia, w jakim znajduje si\u0119 realizacja. Ka\u017cda z opcji niesie ze sob\u0105 unikalne korzy\u015bci. Samodzielna\u00a0ceg\u0142a na \u015bcianie\u00a0daje sp\u00f3jny, nowoczesny wygl\u0105d, natomiast \u0142\u0105czenie\u00a0ceg\u0142y LONG\u00a0z materia\u0142ami, takimi jak: drewno, stal czy szk\u0142o pozwala na tworzenie zr\u00f3\u017cnicowanych, dynamicznych kompozycji. Te mog\u0105 wprowadzi\u0107 do architektury dodatkow\u0105 warstw\u0119 estetyczn\u0105 i funkcjonaln\u0105.<\/p>\n\n\n\n<blockquote class=\"wp-block-quote is-layout-flow wp-block-quote-is-layout-flow\">\n<p>Jeste\u015bmy przekonani, \u017ce ceg\u0142a dekoracyjna\u00a0LONG\u00a0od MILKE to materia\u0142, kt\u00f3ry doskonale sprawdzi si\u0119 w Twojej realizacji \u2013 zar\u00f3wno w roli g\u0142\u00f3wnej, jak i w po\u0142\u0105czeniu z innymi teksturami, tworz\u0105c unikalne i inspiruj\u0105ce elewacje.<\/p>\n<\/blockquote>\n\n\n\n<p><\/p>\n\n\n\n<h5 class=\"wp-block-heading\">Samodzielne zastosowanie p\u0142ytki LONG<\/h5>\n\n\n\n<p>Stosuj\u0105c\u00a0d\u0142ug\u0105 ceg\u0142\u0119\u00a0LONG\u00a0jako jedyny materia\u0142 na elewacji, uzyskasz harmonijn\u0105, sp\u00f3jn\u0105 powierzchni\u0119. Zastosowanie jednej faktury, jak\u0105 oferuje\u00a0ceg\u0142a betonowa sprawia, \u017ce budynek nabiera wyrafinowanego, ale jednocze\u015bnie sp\u00f3jnego charakteru. Taki wyb\u00f3r jest szczeg\u00f3lnie korzystny, je\u015bli zale\u017cy Ci na podkre\u015bleniu geometrii bry\u0142y budynku, gdzie linie i kszta\u0142ty odgrywaj\u0105 kluczow\u0105 rol\u0119 w kompozycji architektonicznej.<\/p>\n\n\n\n<p><\/p>\n\n\n\n<h5 class=\"wp-block-heading\">\u0141\u0105czenie p\u0142ytki LONG z innymi materia\u0142ami<\/h5>\n\n\n\n<p>Z drugiej strony, po\u0142\u0105czenie p\u0142ytki\u00a0LONG\u00a0z innymi materia\u0142ami, takimi jak: drewno, stal, szk\u0142o czy kamie\u0144, otwiera przed projektantami zupe\u0142nie nowe mo\u017cliwo\u015bci aran\u017cacyjne. Ka\u017cdy z tych element\u00f3w wnosi do projektu inny walor estetyczny i funkcjonalny.<\/p>\n\n\n\n<ul class=\"wp-block-list\">\n<li><strong>Drewno<\/strong>\u00a0dodaje ciep\u0142a i naturalno\u015bci, co doskonale kontrastuje z charakterem\u00a0betonowej ceg\u0142y. Taka kombinacja tworzy r\u00f3wnowag\u0119 mi\u0119dzy nowoczesno\u015bci\u0105, a tradycj\u0105, co jest szczeg\u00f3lnie atrakcyjne w projektach, kt\u00f3re maj\u0105 na celu zintegrowanie budynku z otaczaj\u0105c\u0105 przyrod\u0105.<\/li>\n\n\n\n<li><strong>Stal\u00a0<\/strong>w po\u0142\u0105czeniu z\u00a0p\u0142ytk\u0105 LONG\u00a0wprowadza industrialny, nowoczesny charakter, idealny do realizacji w przestrzeniach miejskich. Stalowe elementy, takie jak balustrady, ok\u0142adziny czy nawet du\u017ce przeszklone powierzchnie, dodaj\u0105 konstrukcji wyrazisto\u015bci i nowoczesnej elegancji.<\/li>\n\n\n\n<li><strong>Szk\u0142o\u00a0<\/strong>to materia\u0142, kt\u00f3ry r\u00f3wnie\u017c idealnie komponuje si\u0119 z\u00a0ceg\u0142\u0105 LONG. Du\u017ce przeszklenia w po\u0142\u0105czeniu z ceglan\u0105 elewacj\u0105 nadaj\u0105 budynkowi lekko\u015bci, jednocze\u015bnie wpuszczaj\u0105c do wn\u0119trza du\u017co naturalnego \u015bwiat\u0142a i \u201ezapraszaj\u0105c elewacj\u0119 do \u015brodka\u201d.<\/li>\n\n\n\n<li><strong>Kamie\u0144<\/strong>\u00a0to kolejny materia\u0142, kt\u00f3ry doskonale wsp\u00f3\u0142gra z\u00a0d\u0142ug\u0105 p\u0142ytk\u0105. Jego naturalna faktura i kolorystyka mog\u0105 stworzy\u0107 harmonijn\u0105 lub kontrastow\u0105 kompozycj\u0119 z\u00a0ceg\u0142\u0105 betonow\u0105, w zale\u017cno\u015bci od wyboru jego rodzaju.<\/li>\n<\/ul>\n\n\n\n<figure class=\"wp-block-gallery has-nested-images columns-default is-cropped wp-block-gallery-3 is-layout-flex wp-block-gallery-is-layout-flex\">\n<figure class=\"wp-block-image size-large\"><a href=\"https:\/\/milke.se\/en\/kolory\/\" target=\"_blank\" rel=\"noreferrer noopener\"><img loading=\"lazy\" decoding=\"async\" width=\"1024\" height=\"683\" data-id=\"14132\" src=\"https:\/\/milke.se\/wp-content\/uploads\/2025\/06\/MILKE-plytka-LONG-kolor-antracytowy-4-1024x683.jpg\" alt=\"\" class=\"wp-image-14132\"\/><\/a><\/figure>\n\n\n\n<figure class=\"wp-block-image size-large\"><a href=\"https:\/\/milke.se\/en\/kolory\/\" target=\"_blank\" rel=\"noreferrer noopener\"><img loading=\"lazy\" decoding=\"async\" width=\"1024\" height=\"683\" data-id=\"14144\" src=\"https:\/\/milke.se\/wp-content\/uploads\/2020\/07\/Dluga-plytka-LONG-MILKE_2_naroznik-1024x683.jpg\" alt=\"\" class=\"wp-image-14144\" srcset=\"https:\/\/milke.se\/wp-content\/uploads\/2020\/07\/Dluga-plytka-LONG-MILKE_2_naroznik-1024x683.jpg 1024w, https:\/\/milke.se\/wp-content\/uploads\/2020\/07\/Dluga-plytka-LONG-MILKE_2_naroznik-300x200.jpg 300w, https:\/\/milke.se\/wp-content\/uploads\/2020\/07\/Dluga-plytka-LONG-MILKE_2_naroznik-768x512.jpg 768w, https:\/\/milke.se\/wp-content\/uploads\/2020\/07\/Dluga-plytka-LONG-MILKE_2_naroznik-1536x1024.jpg 1536w, https:\/\/milke.se\/wp-content\/uploads\/2020\/07\/Dluga-plytka-LONG-MILKE_2_naroznik-2048x1365.jpg 2048w, https:\/\/milke.se\/wp-content\/uploads\/2020\/07\/Dluga-plytka-LONG-MILKE_2_naroznik-360x240.jpg 360w, https:\/\/milke.se\/wp-content\/uploads\/2020\/07\/Dluga-plytka-LONG-MILKE_2_naroznik-565x377.jpg 565w, https:\/\/milke.se\/wp-content\/uploads\/2020\/07\/Dluga-plytka-LONG-MILKE_2_naroznik-937x625.jpg 937w\" sizes=\"auto, (max-width: 1024px) 100vw, 1024px\" \/><\/a><\/figure>\n<\/figure>\n\n\n\n<h4 class=\"wp-block-heading\">4. Czy k\u0142ad\u0119 p\u0142ytk\u0119 LONG w poziomie, pionie czy miksuj\u0119 kierunki u\u0142o\u017cenia?\u00a0<\/h4>\n\n\n\n<p><span style=\"text-decoration: underline;\"><mark style=\"background-color:rgba(0, 0, 0, 0)\" class=\"has-inline-color has-black-color\">P\u0142ytki\u00a0LONG\u00a0mo\u017cesz uk\u0142ada\u0107 w r\u00f3\u017cnych kierunkach<\/mark><\/span>. Pami\u0119taj, \u017ce \u015bmia\u0142o mo\u017cesz eksperymentowa\u0107 tworz\u0105c przyk\u0142adowo pionowe akcenty na tle poziomego u\u0142o\u017cenia reszty \u015bciany. Czasami warto zaszale\u0107 \ud83d\ude09 <\/p>\n\n\n\n<h5 class=\"wp-block-heading\">Poziome u\u0142o\u017cenie p\u0142ytek LONG<\/h5>\n\n\n\n<ul class=\"wp-block-list\">\n<li><strong>Decyduj\u0105c si\u0119 na poziome u\u0142o\u017cenie<\/strong>, mo\u017cesz stworzy\u0107 wra\u017cenie spokojnej harmonii, co doskonale sprawdzi si\u0119 w przestrzeniach, kt\u00f3re maj\u0105 emanowa\u0107 elegancj\u0105. Poziome u\u0142o\u017cenie p\u0142ytek\u00a0LONG\u00a0to klasyka, kt\u00f3ra sprawia, \u017ce \u015bciany wydaj\u0105 si\u0119 szersze i bardziej przestronne. Taki uk\u0142ad jest idealny w aran\u017cacjach, gdzie podkre\u015blenie linii horyzontalnych nadaje wn\u0119trzu nowoczesny charakter.<\/li>\n<\/ul>\n\n\n\n<h5 class=\"wp-block-heading\">Pionowe u\u0142o\u017cenie p\u0142ytek LONG<\/h5>\n\n\n\n<ul class=\"wp-block-list\">\n<li><strong>Je\u015bli zale\u017cy Ci na bardziej dynamicznym efekcie<\/strong>, warto rozwa\u017cy\u0107 u\u0142o\u017cenie p\u0142ytek w pionie. Pionowe linie mog\u0105 optycznie wyd\u0142u\u017cy\u0107 \u015bciany, nadaj\u0105c pomieszczeniu wysoko\u015bci. Jest to szczeg\u00f3lnie korzystne w pomieszczeniach o ni\u017cszym suficie, gdzie dodatkowy efekt wyd\u0142u\u017cenia mo\u017ce znacz\u0105co poprawi\u0107 proporcje przestrzeni. U\u0142o\u017cenie pionowe cz\u0119sto kojarzone jest z odwa\u017cnymi, nowoczesnymi projektami, w kt\u00f3rych architektura ma przyci\u0105ga\u0107 wzrok i budzi\u0107 zainteresowanie.<\/li>\n<\/ul>\n\n\n\n<h5 class=\"wp-block-heading\">Miks u\u0142o\u017cenia p\u0142ytek LONG<\/h5>\n\n\n\n<ul class=\"wp-block-list\">\n<li><strong>Dla tych, kt\u00f3rzy poszukuj\u0105 jeszcze bardziej unikalnych rozwi\u0105za\u0144<\/strong>, warto rozwa\u017cy\u0107 miksowanie kierunk\u00f3w u\u0142o\u017cenia p\u0142ytek\u00a0LONG. Kombinacja poziomych, pionowych i sko\u015bnych linii mo\u017ce doda\u0107 \u015bcianie niepowtarzalnego charakteru, tworz\u0105c oryginalne wzory, kt\u00f3re przyci\u0105gaj\u0105 uwag\u0119 i nadaj\u0105 pomieszczeniu wr\u0119cz artystycznego wygl\u0105du. Taki mix kierunk\u00f3w to doskona\u0142y spos\u00f3b na podkre\u015blenie indywidualno\u015bci projektu, zw\u0142aszcza gdy zale\u017cy Ci na wyr\u00f3\u017cnieniu si\u0119 w otoczeniu.<\/li>\n<\/ul>\n\n\n\n<figure class=\"wp-block-gallery has-nested-images columns-default is-cropped wp-block-gallery-4 is-layout-flex wp-block-gallery-is-layout-flex\">\n<figure class=\"wp-block-image size-large\"><a href=\"https:\/\/milke.se\/en\/portfolio\/malu-kunkiewicz-architekci\/\" target=\"_blank\" rel=\"noreferrer noopener\"><img loading=\"lazy\" decoding=\"async\" width=\"1024\" height=\"683\" data-id=\"10991\" src=\"https:\/\/milke.se\/wp-content\/uploads\/2022\/08\/Malu-Kunkiewicz-Architekci-LONG-MILKE-5-1024x683.jpg\" alt=\"\" class=\"wp-image-10991\" srcset=\"https:\/\/milke.se\/wp-content\/uploads\/2022\/08\/Malu-Kunkiewicz-Architekci-LONG-MILKE-5-1024x683.jpg 1024w, https:\/\/milke.se\/wp-content\/uploads\/2022\/08\/Malu-Kunkiewicz-Architekci-LONG-MILKE-5-300x200.jpg 300w, https:\/\/milke.se\/wp-content\/uploads\/2022\/08\/Malu-Kunkiewicz-Architekci-LONG-MILKE-5-768x512.jpg 768w, https:\/\/milke.se\/wp-content\/uploads\/2022\/08\/Malu-Kunkiewicz-Architekci-LONG-MILKE-5-1536x1024.jpg 1536w, https:\/\/milke.se\/wp-content\/uploads\/2022\/08\/Malu-Kunkiewicz-Architekci-LONG-MILKE-5-2048x1365.jpg 2048w, https:\/\/milke.se\/wp-content\/uploads\/2022\/08\/Malu-Kunkiewicz-Architekci-LONG-MILKE-5-360x240.jpg 360w, https:\/\/milke.se\/wp-content\/uploads\/2022\/08\/Malu-Kunkiewicz-Architekci-LONG-MILKE-5-565x377.jpg 565w, https:\/\/milke.se\/wp-content\/uploads\/2022\/08\/Malu-Kunkiewicz-Architekci-LONG-MILKE-5-937x625.jpg 937w\" sizes=\"auto, (max-width: 1024px) 100vw, 1024px\" \/><\/a><\/figure>\n\n\n\n<figure class=\"wp-block-image size-large\"><a href=\"https:\/\/milke.se\/en\/portfolio\/dom-blizniak-hubert-kowalski\/\" target=\"_blank\" rel=\"noreferrer noopener\"><img loading=\"lazy\" decoding=\"async\" width=\"1024\" height=\"662\" data-id=\"11904\" src=\"https:\/\/milke.se\/wp-content\/uploads\/2019\/09\/Plytka-LONG-MILKE-kolor-naturalny-107-1024x662.png\" alt=\"\" class=\"wp-image-11904\" srcset=\"https:\/\/milke.se\/wp-content\/uploads\/2019\/09\/Plytka-LONG-MILKE-kolor-naturalny-107-1024x662.png 1024w, https:\/\/milke.se\/wp-content\/uploads\/2019\/09\/Plytka-LONG-MILKE-kolor-naturalny-107-300x194.png 300w, https:\/\/milke.se\/wp-content\/uploads\/2019\/09\/Plytka-LONG-MILKE-kolor-naturalny-107-768x497.png 768w, https:\/\/milke.se\/wp-content\/uploads\/2019\/09\/Plytka-LONG-MILKE-kolor-naturalny-107-565x365.png 565w, https:\/\/milke.se\/wp-content\/uploads\/2019\/09\/Plytka-LONG-MILKE-kolor-naturalny-107-937x606.png 937w, https:\/\/milke.se\/wp-content\/uploads\/2019\/09\/Plytka-LONG-MILKE-kolor-naturalny-107.png 1500w\" sizes=\"auto, (max-width: 1024px) 100vw, 1024px\" \/><\/a><\/figure>\n<\/figure>\n\n\n\n<p><\/p>\n\n\n\n<h4 class=\"wp-block-heading\">5. Na jaki typ wi\u0105zania stawiam?\u00a0<\/h4>\n\n\n\n<p><span style=\"text-decoration: underline;\"><a href=\"https:\/\/milke.se\/en\/product\/poradnik-montazu-pdf\/\"><mark style=\"background-color:rgba(0, 0, 0, 0);color:#0e35ab\" class=\"has-inline-color\">Wyb\u00f3r wi\u0105zania czyli zestawiania ze sob\u0105 p\u0142ytek na \u015bcianie, wp\u0142ywa nie tylko na estetyk\u0119, ale tak\u017ce na spos\u00f3b monta\u017cu i trwa\u0142o\u015b\u0107 ca\u0142ej konstrukcji<\/mark><\/a><a href=\"https:\/\/milke.se\/en\/product\/poradnik-montazu-pdf\/\" target=\"_blank\" rel=\"noreferrer noopener\"><mark style=\"background-color:rgba(0, 0, 0, 0);color:#0e35ab\" class=\"has-inline-color\">.<\/mark><\/a><\/span> Najpopularniejsze opcje to wi\u0105zanie proste, z przesuni\u0119ciem (tzw. cegie\u0142kowe) czy dzikie. <\/p>\n\n\n\n<p>Niekt\u00f3re typy wi\u0105za\u0144 mog\u0105 lepiej kompensowa\u0107 drobne nier\u00f3wno\u015bci w pod\u0142o\u017cu inne z kolei wymagaj\u0105 precyzyjniejszego przygotowania powierzchni. Dla p\u0142ytek\u00a0ceg\u0142a LONG, ze wzgl\u0119du na ich wyd\u0142u\u017cony kszta\u0142t, szczeg\u00f3lnie istotne jest dobranie odpowiedniego typu wi\u0105zania, kt\u00f3re podkre\u015bli d\u0142ugo\u015b\u0107 p\u0142ytek i wprowadzi do projektu po\u017c\u0105dan\u0105 dynamik\u0119 lub spokojn\u0105 harmoni\u0119.<\/p>\n\n\n\n<p><\/p>\n\n\n\n<h4 class=\"wp-block-heading\">6. Jaki kolor p\u0142ytki LONG wybieram? Jeden? Dwa? A mo\u017ce p\u00f3\u0142 na p\u00f3\u0142?\u00a0<\/h4>\n\n\n\n<p><span style=\"text-decoration: underline;\"><a href=\"https:\/\/milke.se\/en\/kolory\/\"><mark style=\"background-color:rgba(0, 0, 0, 0);color:#0e35ab\" class=\"has-inline-color\">Wszystkie p\u0142ytki ceglane MILKE\u00a0dost\u0119pne s\u0105 w r\u00f3\u017cnych kolorac<\/mark><\/a><a href=\"https:\/\/milke.se\/en\/kolory\/\" target=\"_blank\" rel=\"noreferrer noopener\"><mark style=\"background-color:rgba(0, 0, 0, 0);color:#0e35ab\" class=\"has-inline-color\">h<\/mark><\/a><mark style=\"background-color:rgba(0, 0, 0, 0)\" class=\"has-inline-color has-black-color\">, co umo\u017cliwia ich dopasowanie do konkretnego projektu<\/mark><\/span>. Mo\u017cesz postawi\u0107 na jeden odcie\u0144 dla jednolitego efektu lub zdecydowa\u0107 si\u0119 na kombinacj\u0119 dw\u00f3ch lub wi\u0119cej kolor\u00f3w, tworz\u0105c unikalne wzory na \u015bcianie.<\/p>\n\n\n\n<h5 class=\"wp-block-heading\">Jeden kolor dla sp\u00f3jno\u015bci<\/h5>\n\n\n\n<ul class=\"wp-block-list\">\n<li>Wyb\u00f3r jednego koloru p\u0142ytek\u00a0LONG\u00a0to doskona\u0142a opcja, je\u015bli zale\u017cy Ci na sp\u00f3jnym i jednolitym efekcie. Monochromatyczna \u015bciana z ceg\u0142y w jednym odcieniu to klasyka. Zawsze aktualna i ponadczasowa. <\/li>\n<\/ul>\n\n\n\n<h5 class=\"wp-block-heading\">Dwa kolory dla uzupe\u0142nienia<\/h5>\n\n\n\n<ul class=\"wp-block-list\">\n<li>Decyduj\u0105c si\u0119 na po\u0142\u0105czenie dw\u00f3ch kolor\u00f3w p\u0142ytek\u00a0mo\u017cesz uzyska\u0107 subtelny, ale zarazem interesuj\u0105cy efekt. W tym przypadku, szczeg\u00f3lnie przy wi\u0119kszych powierzchniach, warto jednak pami\u0119ta\u0107, \u017ce im wi\u0119ksza r\u00f3\u017cnica w odcieniach, tym bardziej wyrazisty i kontrastowy b\u0119dzie ko\u0144cowy efekt. Aby zachowa\u0107 sp\u00f3jno\u015b\u0107 rekomendujemy minimalizowanie r\u00f3\u017cnic mi\u0119dzy tonami p\u0142ytek.<\/li>\n<\/ul>\n\n\n\n<h5 class=\"wp-block-heading\">Kombinacje kolorystyczne dla kreatywno\u015bci<\/h5>\n\n\n\n<ul class=\"wp-block-list\">\n<li>Je\u015bli lubisz eksperymentowa\u0107 i chcesz, aby Twoja \u015bciana by\u0142a naprawd\u0119 wyj\u0105tkowa, rozwa\u017c zastosowanie kombinacji kilku kolor\u00f3w, w r\u00f3\u017cnych proporcjach. To du\u017cy, odwa\u017cny krok, dlatego uprzednio zalecamy zam\u00f3wi\u0107 pr\u00f3bki p\u0142ytek w wybranych odcieniach, aby m\u00f3c \u201ena sucho\u201d zestawi\u0107 je ze sob\u0105 i pozna\u0107 wz\u00f3r kolorystyczny zanim przyklei si\u0119 ca\u0142y materia\u0142 do \u015bciany. Tu warto pami\u0119ta\u0107, \u017ce bardziej z\u0142o\u017cone kombinacje kolorystyczne wymagaj\u0105 starannego planowania i mog\u0105 by\u0107 bardziej czasoch\u0142onne w realizacji.<\/li>\n<\/ul>\n\n\n\n<figure class=\"wp-block-gallery has-nested-images columns-default is-cropped wp-block-gallery-5 is-layout-flex wp-block-gallery-is-layout-flex\">\n<figure class=\"wp-block-image size-large\"><a href=\"https:\/\/milke.se\/en\/portfolio\/long-bazukastudio\/\" target=\"_blank\" rel=\"noreferrer noopener\"><img loading=\"lazy\" decoding=\"async\" width=\"1024\" height=\"662\" data-id=\"11896\" src=\"https:\/\/milke.se\/wp-content\/uploads\/2019\/09\/Plytka-LONG-MILKE-kolor-indywidulany-104-1024x662.png\" alt=\"\" class=\"wp-image-11896\" srcset=\"https:\/\/milke.se\/wp-content\/uploads\/2019\/09\/Plytka-LONG-MILKE-kolor-indywidulany-104-1024x662.png 1024w, https:\/\/milke.se\/wp-content\/uploads\/2019\/09\/Plytka-LONG-MILKE-kolor-indywidulany-104-300x194.png 300w, https:\/\/milke.se\/wp-content\/uploads\/2019\/09\/Plytka-LONG-MILKE-kolor-indywidulany-104-768x497.png 768w, https:\/\/milke.se\/wp-content\/uploads\/2019\/09\/Plytka-LONG-MILKE-kolor-indywidulany-104-565x365.png 565w, https:\/\/milke.se\/wp-content\/uploads\/2019\/09\/Plytka-LONG-MILKE-kolor-indywidulany-104-937x606.png 937w, https:\/\/milke.se\/wp-content\/uploads\/2019\/09\/Plytka-LONG-MILKE-kolor-indywidulany-104.png 1500w\" sizes=\"auto, (max-width: 1024px) 100vw, 1024px\" \/><\/a><\/figure>\n\n\n\n<figure class=\"wp-block-image size-large\"><a href=\"https:\/\/milke.se\/en\/portfolio\/long-magdalenka\/\" target=\"_blank\" rel=\"noreferrer noopener\"><img loading=\"lazy\" decoding=\"async\" width=\"1024\" height=\"662\" data-id=\"11892\" src=\"https:\/\/milke.se\/wp-content\/uploads\/2019\/09\/Plytka-LONG-MILKE-kolor-indywidulany-100-1024x662.png\" alt=\"\" class=\"wp-image-11892\" srcset=\"https:\/\/milke.se\/wp-content\/uploads\/2019\/09\/Plytka-LONG-MILKE-kolor-indywidulany-100-1024x662.png 1024w, https:\/\/milke.se\/wp-content\/uploads\/2019\/09\/Plytka-LONG-MILKE-kolor-indywidulany-100-300x194.png 300w, https:\/\/milke.se\/wp-content\/uploads\/2019\/09\/Plytka-LONG-MILKE-kolor-indywidulany-100-768x497.png 768w, https:\/\/milke.se\/wp-content\/uploads\/2019\/09\/Plytka-LONG-MILKE-kolor-indywidulany-100-565x365.png 565w, https:\/\/milke.se\/wp-content\/uploads\/2019\/09\/Plytka-LONG-MILKE-kolor-indywidulany-100-937x606.png 937w, https:\/\/milke.se\/wp-content\/uploads\/2019\/09\/Plytka-LONG-MILKE-kolor-indywidulany-100.png 1500w\" sizes=\"auto, (max-width: 1024px) 100vw, 1024px\" \/><\/a><\/figure>\n<\/figure>\n\n\n\n<h4 class=\"wp-block-heading\">7. Jakie wymiary ma LONG i ile p\u0142ytek wchodzi na metr kwadratowy?<\/h4>\n\n\n\n<ul class=\"wp-block-list\">\n<li><strong>LONG klasyczny<\/strong><br><a href=\"https:\/\/milke.se\/en\/product\/long-plytka-ceglana-dekoracyjna-dluga\/\"><mark style=\"background-color:rgba(0, 0, 0, 0);color:#0e35ab\" class=\"has-inline-color\"><span style=\"text-decoration: underline;\">Aktualna wielko\u015b\u0107 (+\/- 0,5 cm):<\/span><\/mark><\/a><a href=\"https:\/\/milke.se\/en\/product\/long-plytka-ceglana-dekoracyjna-dluga\/\" target=\"_blank\" rel=\"noreferrer noopener\"><mark style=\"background-color:rgba(0, 0, 0, 0);color:#0e35ab\" class=\"has-inline-color\"> <\/mark><\/a>wysoko\u015b\u0107 ~ 4 cm, d\u0142ugo\u015b\u0107 ~ 60 cm, grubo\u015b\u0107 ~ 1,5-1,7 cm.\u00a0<br>Na 1 m2 potrzeba 36 szt. p\u0142ytek (przy 6-8 mm fudze)\u00a0lub 42 szt. przy monta\u017cu bezfugowym.<br>Na 1mb potrzeba 22 szt. naro\u017cnik\u00f3w (przy 6-8 mm fudze) lub 24 szt. przy monta\u017cu bezfugowym.<br><\/li>\n\n\n\n<li><strong>LONG RAW<\/strong><br><a href=\"https:\/\/milke.se\/en\/product\/long-raw-plytka-ceglana-dekoracyjna-dluga\/\" target=\"_blank\" rel=\"noreferrer noopener\"><mark style=\"background-color:rgba(0, 0, 0, 0);color:#0e35ab\" class=\"has-inline-color\"><span style=\"text-decoration: underline;\">Aktualne wymiary (+\/- 0,5 cm):<\/span><\/mark><\/a> wysoko\u015b\u0107 ~ 3,7-4,3 cm, d\u0142ugo\u015b\u0107 ~ 54-57 cm, grubo\u015b\u0107 ~ 1,7-2 cm.\u00a0<br>Na 1m2 potrzeba\u00a038 szt. p\u0142ytek (przy 6-8 fudze).<br>Na 1mb potrzeba 20 szt. naro\u017cnik\u00f3w (przy 6-8 mm fudze).<br><\/li>\n<\/ul>\n\n\n\n<h4 class=\"wp-block-heading\">8. Czy p\u0142ytki LONG si\u0119 fuguje?<\/h4>\n\n\n\n<p><span style=\"text-decoration: underline;\"><mark style=\"background-color:rgba(0, 0, 0, 0)\" class=\"has-inline-color has-black-color\">Odpowied\u017a brzmi:\u00a0tak i nie.<\/mark><\/span> Decyzja o fugowaniu p\u0142ytek\u00a0LONG\u00a0zale\u017cy od specyfiki Twojego projektu. Zanim jednak j\u0105 podejmiesz warto rozwa\u017cy\u0107, kt\u00f3ry wariant p\u0142ytek wybierasz \u2013 LONG\u00a0klasyczny czy\u00a0LONG RAW.<\/p>\n\n\n\n<ul class=\"wp-block-list\">\n<li><strong>LONG klasyczny<\/strong>\u00a0daje Ci elastyczno\u015b\u0107 wyboru. Mo\u017cna go uk\u0142ada\u0107 zar\u00f3wno z fug\u0105, jak i bez niej. <\/li>\n\n\n\n<li><strong>LONG RAW<\/strong>\u00a0charakteryzuje si\u0119 natomiast bardziej surowym wygl\u0105dem, posiada naturalne nier\u00f3wno\u015bci i ze wzgl\u0119du na jego specyfik\u0119 rekomendujemy uk\u0142ada\u0107 go fugowo. <\/li>\n<\/ul>\n\n\n\n<h5 class=\"wp-block-heading\">Tu mo\u017cesz zada\u0107 pytanie \u2013 czy jak po\u0142o\u017c\u0119 p\u0142ytki bezfugowo, to woda ich nie rozsadzi na mrozie?<\/h5>\n\n\n\n<p>LONG jest bardzo mocn\u0105 p\u0142ytk\u0105, wi\u0119c ca\u0142\u0105 uwag\u0119 nale\u017cy tu przenie\u015b\u0107 na odpowiednie przygotowanie \u015bciany, u\u017cywan\u0105 chemi\u0119 i prawid\u0142owy monta\u017c. Do tej pory w naszej szeroko\u015bci geograficznej i w warunkach pogodowych, dostawcy chemii budowlanej negowali uk\u0142adanie p\u0142ytek bez fugi. U naszych przyjaci\u00f3\u0142 w Belgii jest to natomiast codzienna praktyka. P\u0142ytki montowane s\u0105 z 2-3mm szczelin\u0105 techniczn\u0105 i nic im si\u0119 nie dzieje.<\/p>\n\n\n\n<h5 class=\"wp-block-heading\">Nale\u017cy pami\u0119ta\u0107, \u017ce fuga jest swoistym uszczelniaczem. Je\u017celi jednak chcesz u\u0142o\u017cy\u0107 p\u0142ytki bezfugowo \u2013 wa\u017cne, aby\u015b skupi\u0142 si\u0119 na kilku kwestiach, <a href=\"https:\/\/milke.se\/en\/product\/poradnik-montazu-pdf\/\"><mark style=\"background-color:rgba(0, 0, 0, 0);color:#0e35ab\" class=\"has-inline-color\"><span style=\"text-decoration: underline;\">opisanych szerzej w naszym Poradniki Monta\u017cu p\u0142ytek betonowych:<\/span><\/mark><\/a><\/h5>\n\n\n\n<ul class=\"wp-block-list\">\n<li>\u015aciana musi by\u0107 dobrze przygotowana, czyli podstawy \u2013 przyczepno\u015b\u0107, izolacja, ko\u0142kowanie\u2026<\/li>\n\n\n\n<li>Na pewno wybierz klej wysokiej jako\u015bci. Musi to by\u0107 zaprawa mrozoodporna i co wa\u017cne \u2013 elastyczna. Ta w\u0142a\u015bciwo\u015b\u0107 pozwala jej pracowa\u0107 przy zmianach temperatur.<\/li>\n\n\n\n<li>Kolejny punkt, to aplikacja. Klej k\u0142adziemy i na \u015bcian\u0119 i na p\u0142ytk\u0119 \u2013 co niezwykle wa\u017cne po ca\u0142ej jej powierzchni. Czyli wewn\u0119trzna strona cegie\u0142ki musi by\u0107 pokryta r\u00f3wnomiernie klejem \u2013 bez p\u0119cherzyk\u00f3w i kanalik\u00f3w. Unikaj wolnych przestrzeni pod p\u0142ytk\u0105. To zapobiegnie dostawaniu si\u0119 wody pod elewacj\u0119 i zwyczajnie odpadaniu p\u0142ytek na mrozie.<\/li>\n\n\n\n<li>Przy wielometrowych \u015bcianach monta\u017cysta musi te\u017c pami\u0119ta\u0107 o wykonaniu dylatacji.<\/li>\n<\/ul>\n\n\n\n<h5 class=\"wp-block-heading\">Czy tu stosuje si\u0119 zapraw\u0119 tak\u0105 sam\u0105, jak do klasycznej ceg\u0142y?<\/h5>\n\n\n\n<p>Nie. W wersji klasycznej ceg\u0142y rekomendujemy zapraw\u0119 gruboziarnist\u0105. W p\u0142ytce LONG natomiast wykorzystuje si\u0119 cz\u0119sto fugi drobniejsze i bardziej plastyczne. W\u0142a\u015bnie po to, aby taki w\u0105ski wa\u0142ek masy fugowej nie pop\u0119ka\u0142. Tu warto doda\u0107, aby zar\u00f3wno klej, jak i fuga zawiera\u0142y tras, czyli specjaln\u0105 domieszk\u0119 ograniczaj\u0105c\u0105 wysolenia i wykwity.<\/p>\n\n\n\n<figure class=\"wp-block-gallery has-nested-images columns-default is-cropped wp-block-gallery-6 is-layout-flex wp-block-gallery-is-layout-flex\">\n<figure class=\"wp-block-image size-large\"><a href=\"https:\/\/milke.se\/en\/portfolio\/dom-piechoty-lanowej-warszawa-wilanow\/\" target=\"_blank\" rel=\"noreferrer noopener\"><img loading=\"lazy\" decoding=\"async\" width=\"1024\" height=\"681\" data-id=\"13035\" src=\"https:\/\/milke.se\/wp-content\/uploads\/2023\/04\/LONG-RAW-kolor-mocca-ul.-Piechoty-Lanowej-W-wa_MILKE-3a-1024x681.png\" alt=\"\" class=\"wp-image-13035\" srcset=\"https:\/\/milke.se\/wp-content\/uploads\/2023\/04\/LONG-RAW-kolor-mocca-ul.-Piechoty-Lanowej-W-wa_MILKE-3a-1024x681.png 1024w, https:\/\/milke.se\/wp-content\/uploads\/2023\/04\/LONG-RAW-kolor-mocca-ul.-Piechoty-Lanowej-W-wa_MILKE-3a-300x199.png 300w, https:\/\/milke.se\/wp-content\/uploads\/2023\/04\/LONG-RAW-kolor-mocca-ul.-Piechoty-Lanowej-W-wa_MILKE-3a-768x511.png 768w, https:\/\/milke.se\/wp-content\/uploads\/2023\/04\/LONG-RAW-kolor-mocca-ul.-Piechoty-Lanowej-W-wa_MILKE-3a-1536x1021.png 1536w, https:\/\/milke.se\/wp-content\/uploads\/2023\/04\/LONG-RAW-kolor-mocca-ul.-Piechoty-Lanowej-W-wa_MILKE-3a-2048x1362.png 2048w, https:\/\/milke.se\/wp-content\/uploads\/2023\/04\/LONG-RAW-kolor-mocca-ul.-Piechoty-Lanowej-W-wa_MILKE-3a-360x240.png 360w, https:\/\/milke.se\/wp-content\/uploads\/2023\/04\/LONG-RAW-kolor-mocca-ul.-Piechoty-Lanowej-W-wa_MILKE-3a-565x376.png 565w, https:\/\/milke.se\/wp-content\/uploads\/2023\/04\/LONG-RAW-kolor-mocca-ul.-Piechoty-Lanowej-W-wa_MILKE-3a-937x623.png 937w\" sizes=\"auto, (max-width: 1024px) 100vw, 1024px\" \/><\/a><figcaption class=\"wp-element-caption\">OLYMPUS DIGITAL CAMERA<\/figcaption><\/figure>\n\n\n\n<figure class=\"wp-block-image size-large\"><a href=\"https:\/\/milke.se\/en\/portfolio\/long-magdalenka\/\" target=\"_blank\" rel=\"noreferrer noopener\"><img loading=\"lazy\" decoding=\"async\" width=\"1024\" height=\"662\" data-id=\"11894\" src=\"https:\/\/milke.se\/wp-content\/uploads\/2019\/09\/Plytka-LONG-MILKE-kolor-indywidulany-102-1024x662.png\" alt=\"\" class=\"wp-image-11894\" srcset=\"https:\/\/milke.se\/wp-content\/uploads\/2019\/09\/Plytka-LONG-MILKE-kolor-indywidulany-102-1024x662.png 1024w, https:\/\/milke.se\/wp-content\/uploads\/2019\/09\/Plytka-LONG-MILKE-kolor-indywidulany-102-300x194.png 300w, https:\/\/milke.se\/wp-content\/uploads\/2019\/09\/Plytka-LONG-MILKE-kolor-indywidulany-102-768x497.png 768w, https:\/\/milke.se\/wp-content\/uploads\/2019\/09\/Plytka-LONG-MILKE-kolor-indywidulany-102-565x365.png 565w, https:\/\/milke.se\/wp-content\/uploads\/2019\/09\/Plytka-LONG-MILKE-kolor-indywidulany-102-937x606.png 937w, https:\/\/milke.se\/wp-content\/uploads\/2019\/09\/Plytka-LONG-MILKE-kolor-indywidulany-102.png 1500w\" sizes=\"auto, (max-width: 1024px) 100vw, 1024px\" \/><\/a><\/figure>\n<\/figure>\n\n\n\n<h4 class=\"wp-block-heading\">9. Je\u017celi monta\u017c LONGA z fug\u0105, to w jakim jej kolorze?\u00a0<\/h4>\n\n\n\n<p><span style=\"text-decoration: underline;\"><mark style=\"background-color:rgba(0, 0, 0, 0)\" class=\"has-inline-color has-black-color\">Je\u015bli zdecydujesz si\u0119 na monta\u017c fugowy ceg\u0142y LONG, to wiedz, \u017ce jej kolor zdeterminuje odbi\u00f3r ca\u0142ej \u015bciany.<\/mark><\/span> Mo\u017cesz wybra\u0107 zapraw\u0119, kt\u00f3ra \u201estopi si\u0119\u201d z p\u0142ytkami lub postawi\u0107 na kontrast.<\/p>\n\n\n\n<ul class=\"wp-block-list\">\n<li><strong>Fuga w kolorze zbli\u017conym do p\u0142ytek<\/strong> spowoduje, \u017ce \u015bciana b\u0119dzie wygl\u0105da\u0107 bardziej jednolicie. Uwaga widza \ud83d\ude09 b\u0119dzie skupiona tu na ca\u0142ej aran\u017cacji. <\/li>\n\n\n\n<li><strong>Fuga kontrastuj\u0105ca<\/strong> nada natomiast \u015bcianie wyrazisto\u015bci i charakteru, podkre\u015blaj\u0105c geometryczny rysunek p\u0142ytek. Kontrastuj\u0105ca fuga jest doskona\u0142ym rozwi\u0105zaniem, je\u015bli pragniesz, aby \u015bciana by\u0142a bardziej dynamiczna i przyci\u0105ga\u0142a uwag\u0119 jako centralny punkt przestrzeni.<\/li>\n<\/ul>\n\n\n\n<figure class=\"wp-block-gallery has-nested-images columns-default is-cropped wp-block-gallery-7 is-layout-flex wp-block-gallery-is-layout-flex\">\n<figure class=\"wp-block-image size-large\"><a href=\"https:\/\/milke.se\/wp-content\/uploads\/2019\/09\/Plytka-LONG-MILKE-kolor-indywidulany-skalna-biel-107.png\"><img loading=\"lazy\" decoding=\"async\" width=\"1024\" height=\"662\" data-id=\"11906\" src=\"https:\/\/milke.se\/wp-content\/uploads\/2019\/09\/Plytka-LONG-MILKE-kolor-indywidulany-skalna-biel-107-1024x662.png\" alt=\"\" class=\"wp-image-11906\" srcset=\"https:\/\/milke.se\/wp-content\/uploads\/2019\/09\/Plytka-LONG-MILKE-kolor-indywidulany-skalna-biel-107-1024x662.png 1024w, https:\/\/milke.se\/wp-content\/uploads\/2019\/09\/Plytka-LONG-MILKE-kolor-indywidulany-skalna-biel-107-300x194.png 300w, https:\/\/milke.se\/wp-content\/uploads\/2019\/09\/Plytka-LONG-MILKE-kolor-indywidulany-skalna-biel-107-768x497.png 768w, https:\/\/milke.se\/wp-content\/uploads\/2019\/09\/Plytka-LONG-MILKE-kolor-indywidulany-skalna-biel-107-565x365.png 565w, https:\/\/milke.se\/wp-content\/uploads\/2019\/09\/Plytka-LONG-MILKE-kolor-indywidulany-skalna-biel-107-937x606.png 937w, https:\/\/milke.se\/wp-content\/uploads\/2019\/09\/Plytka-LONG-MILKE-kolor-indywidulany-skalna-biel-107.png 1500w\" sizes=\"auto, (max-width: 1024px) 100vw, 1024px\" \/><\/a><\/figure>\n\n\n\n<figure class=\"wp-block-image size-large\"><a href=\"https:\/\/milke.se\/wp-content\/uploads\/2021\/08\/Plytka-LONG-RAW-MILKE-kolor-indywidualny-107.png\"><img loading=\"lazy\" decoding=\"async\" width=\"1024\" height=\"662\" data-id=\"11928\" src=\"https:\/\/milke.se\/wp-content\/uploads\/2021\/08\/Plytka-LONG-RAW-MILKE-kolor-indywidualny-107-1024x662.png\" alt=\"\" class=\"wp-image-11928\" srcset=\"https:\/\/milke.se\/wp-content\/uploads\/2021\/08\/Plytka-LONG-RAW-MILKE-kolor-indywidualny-107-1024x662.png 1024w, https:\/\/milke.se\/wp-content\/uploads\/2021\/08\/Plytka-LONG-RAW-MILKE-kolor-indywidualny-107-300x194.png 300w, https:\/\/milke.se\/wp-content\/uploads\/2021\/08\/Plytka-LONG-RAW-MILKE-kolor-indywidualny-107-768x497.png 768w, https:\/\/milke.se\/wp-content\/uploads\/2021\/08\/Plytka-LONG-RAW-MILKE-kolor-indywidualny-107-565x365.png 565w, https:\/\/milke.se\/wp-content\/uploads\/2021\/08\/Plytka-LONG-RAW-MILKE-kolor-indywidualny-107-937x606.png 937w, https:\/\/milke.se\/wp-content\/uploads\/2021\/08\/Plytka-LONG-RAW-MILKE-kolor-indywidualny-107.png 1500w\" sizes=\"auto, (max-width: 1024px) 100vw, 1024px\" \/><\/a><\/figure>\n<\/figure>\n\n\n\n<h4 class=\"wp-block-heading\">10. Czy zamontuj\u0119 p\u0142ytki LONG po ca\u0142o\u015bci czy wybior\u0119 tylko fragmenty na budynku?\u00a0<\/h4>\n\n\n\n<p><span style=\"text-decoration: underline;\"><mark style=\"background-color:rgba(0, 0, 0, 0)\" class=\"has-inline-color has-black-color\">Zastan\u00f3w si\u0119, czy chcesz pokry\u0107 ca\u0142\u0105 powierzchni\u0119 \u015bciany p\u0142ytk\u0105\u00a0LONG czy mo\u017ce zastosowa\u0107 j\u0105 tylko na wybranych fragmentach, aby podkre\u015bli\u0107 architektoniczne detale budynku.<\/mark><\/span><\/p>\n\n\n\n<ul class=\"wp-block-list\">\n<li><strong>Pokrywaj\u0105c ca\u0142o\u015b\u0107<\/strong> sprawisz, \u017ce\u00a0ceg\u0142a betonowa\u00a0b\u0119dzie g\u0142\u00f3wnym elementem dekoracyjnym \u015bciany.<br><\/li>\n\n\n\n<li><strong>Alternatywnie, mo\u017cesz zdecydowa\u0107 si\u0119 na zastosowanie p\u0142ytek\u00a0LONG\u00a0jedynie na wybranych fragmentach budynku.<\/strong> Dzi\u0119ki temu mo\u017cesz podkre\u015bli\u0107 architektoniczne detale, takie jak wej\u015bcia, naro\u017cniki, elementy wystaj\u0105ce, czy specjalne strefy (np. tarasy). Taki wyb\u00f3r doda budynkowi dynamiki i pozwoli na kreatywne \u0142\u0105czenie\u00a0LONG\u00a0z innymi materia\u0142ami, takimi jak drewno, szk\u0142o, czy stal. <\/li>\n<\/ul>\n\n\n\n<p><\/p>\n\n\n\n<h4 class=\"wp-block-heading\">11.\u00a0Czy jest odpowiednia kielnia do fugowania LONGa?<\/h4>\n\n\n\n<p><span style=\"text-decoration: underline;\"><mark style=\"background-color:rgba(0, 0, 0, 0)\" class=\"has-inline-color has-black-color\">Dla p\u0142ytek\u00a0LONG, kt\u00f3re maj\u0105 smuk\u0142y i wyd\u0142u\u017cony format, najwa\u017cniejsze jest, aby wybra\u0107 kielni\u0119 odpowiednio dopasowan\u0105 do szeroko\u015bci spoiny, kt\u00f3r\u0105 zamierzasz zastosowa\u0107.<\/mark><\/span> Typowe kielnie do fugowania maj\u0105 wymiary: 6, 8, 10 i 12 mm. <\/p>\n\n\n\n<p>Kielnie 6 mm i 8 mm pomagaj\u0105 precyzyjnie wype\u0142ni\u0107 w\u0105skie spoiny, co jest istotne dla zachowania estetyki i trwa\u0142o\u015bci wyko\u0144czenia. Kielnie o rozmiarach 10 mm i 12 mm s\u0105 zazwyczaj stosowane do szerszych spoin. <\/p>\n\n\n\n<p>Je\u015bli standardowe kielnie nie odpowiadaj\u0105 dok\u0142adnie szeroko\u015bciom spoin, kt\u00f3re planujesz zastosowa\u0107, mo\u017cesz dostosowa\u0107 narz\u0119dzie do swoich potrzeb. Wielu do\u015bwiadczonych monta\u017cyst\u00f3w szlifuje je, aby uzyska\u0107 po\u017c\u0105dany rozmiar.<\/p>\n\n\n\n<figure class=\"wp-block-gallery has-nested-images columns-default is-cropped wp-block-gallery-8 is-layout-flex wp-block-gallery-is-layout-flex\">\n<figure class=\"wp-block-image size-large\"><a href=\"https:\/\/milke.se\/en\/kolory\/\" target=\"_blank\" rel=\"noreferrer noopener\"><img loading=\"lazy\" decoding=\"async\" width=\"1024\" height=\"683\" data-id=\"14143\" src=\"https:\/\/milke.se\/wp-content\/uploads\/2020\/07\/Dluga-plytka-LONG-MILKE_1_naroznik-1024x683.jpg\" alt=\"\" class=\"wp-image-14143\" srcset=\"https:\/\/milke.se\/wp-content\/uploads\/2020\/07\/Dluga-plytka-LONG-MILKE_1_naroznik-1024x683.jpg 1024w, https:\/\/milke.se\/wp-content\/uploads\/2020\/07\/Dluga-plytka-LONG-MILKE_1_naroznik-300x200.jpg 300w, https:\/\/milke.se\/wp-content\/uploads\/2020\/07\/Dluga-plytka-LONG-MILKE_1_naroznik-768x512.jpg 768w, https:\/\/milke.se\/wp-content\/uploads\/2020\/07\/Dluga-plytka-LONG-MILKE_1_naroznik-1536x1024.jpg 1536w, https:\/\/milke.se\/wp-content\/uploads\/2020\/07\/Dluga-plytka-LONG-MILKE_1_naroznik-2048x1365.jpg 2048w, https:\/\/milke.se\/wp-content\/uploads\/2020\/07\/Dluga-plytka-LONG-MILKE_1_naroznik-360x240.jpg 360w, https:\/\/milke.se\/wp-content\/uploads\/2020\/07\/Dluga-plytka-LONG-MILKE_1_naroznik-565x377.jpg 565w, https:\/\/milke.se\/wp-content\/uploads\/2020\/07\/Dluga-plytka-LONG-MILKE_1_naroznik-937x625.jpg 937w\" sizes=\"auto, (max-width: 1024px) 100vw, 1024px\" \/><\/a><\/figure>\n\n\n\n<figure class=\"wp-block-image size-large\"><a href=\"https:\/\/milke.se\/en\/kolory\/\" target=\"_blank\" rel=\"noreferrer noopener\"><img loading=\"lazy\" decoding=\"async\" width=\"1024\" height=\"683\" data-id=\"14037\" src=\"https:\/\/milke.se\/wp-content\/uploads\/2024\/03\/MILKE-plytka-LONG-kolor-ziemny-1-1024x683.jpg\" alt=\"\" class=\"wp-image-14037\" srcset=\"https:\/\/milke.se\/wp-content\/uploads\/2024\/03\/MILKE-plytka-LONG-kolor-ziemny-1-1024x683.jpg 1024w, https:\/\/milke.se\/wp-content\/uploads\/2024\/03\/MILKE-plytka-LONG-kolor-ziemny-1-300x200.jpg 300w, https:\/\/milke.se\/wp-content\/uploads\/2024\/03\/MILKE-plytka-LONG-kolor-ziemny-1-768x512.jpg 768w, https:\/\/milke.se\/wp-content\/uploads\/2024\/03\/MILKE-plytka-LONG-kolor-ziemny-1-360x240.jpg 360w, https:\/\/milke.se\/wp-content\/uploads\/2024\/03\/MILKE-plytka-LONG-kolor-ziemny-1-937x625.jpg 937w, https:\/\/milke.se\/wp-content\/uploads\/2024\/03\/MILKE-plytka-LONG-kolor-ziemny-1-1536x1024.jpg 1536w, https:\/\/milke.se\/wp-content\/uploads\/2024\/03\/MILKE-plytka-LONG-kolor-ziemny-1-2048x1365.jpg 2048w, https:\/\/milke.se\/wp-content\/uploads\/2024\/03\/MILKE-plytka-LONG-kolor-ziemny-1-565x377.jpg 565w\" sizes=\"auto, (max-width: 1024px) 100vw, 1024px\" \/><\/a><\/figure>\n<\/figure>\n\n\n\n<h4 class=\"wp-block-heading\">12. Jakie s\u0105 dost\u0119pne kolory p\u0142ytek LONG?<\/h4>\n\n\n\n<p>Wszystkie produkty MILKE, niezale\u017cnie od rodzaju wybranej p\u0142ytki ceglanej <a href=\"https:\/\/milke.se\/en\/kolory\/\" target=\"_blank\" rel=\"noreferrer noopener\"><span style=\"text-decoration: underline;\"><mark style=\"background-color:rgba(0, 0, 0, 0);color:#0e35ab\" class=\"has-inline-color\">dost\u0119pne s\u0105 w kolorach podstawowych<\/mark><\/span><\/a> lub <a href=\"https:\/\/milke.se\/en\/product\/probki-produktow-kolor-indywidualny\/\"><span style=\"text-decoration: underline;\"><mark style=\"background-color:rgba(0, 0, 0, 0);color:#0e35ab\" class=\"has-inline-color\">kolorach indywidualnyc<\/mark><\/span><\/a><a href=\"https:\/\/milke.se\/en\/product\/probki-produktow-kolor-indywidualny\/\" target=\"_blank\" rel=\"noreferrer noopener\"><span style=\"text-decoration: underline;\"><mark style=\"background-color:rgba(0, 0, 0, 0);color:#0e35ab\" class=\"has-inline-color\">h<\/mark><\/span><\/a>. Kolory podstawowe to baza najcz\u0119stszych wybor\u00f3w naszych Klient\u00f3w. Gam\u0105 odcieni przechodzi tu przez klasyczne biele, przez szaro\u015bci, a\u017c po ciep\u0142e, ziemiste barwy. <\/p>\n\n\n\n<p><a href=\"https:\/\/milke.se\/en\/milke-design\/ncs-ral-i-ciut-czyli-najpopularniejsze-wzorniki-kolorystyczne-swiata\/\" target=\"_blank\" rel=\"noreferrer noopener\"><span style=\"text-decoration: underline;\"><mark style=\"background-color:rgba(0, 0, 0, 0);color:#0e35ab\" class=\"has-inline-color\">Na specjalne \u017cyczenie oferujemy te\u017c mo\u017cliwo\u015b\u0107 produkcji p\u0142ytek w dowolnym kolorze, zgodnie ze wzornikami RAL czy NCS.<\/mark><\/span><\/a> Dzi\u0119ki temu masz pe\u0142n\u0105 kontrol\u0119 nad odcieniem, co pozwala na stworzenie naprawd\u0119 unikalnego efektu, idealnie dopasowanego do Twojej wizji.<\/p>\n\n\n\n<h4 class=\"wp-block-heading\">13. Czy p\u0142ytki LONG maj\u0105 naro\u017cniki?<\/h4>\n\n\n\n<p>W MILKE mamy komplet \u2013 zar\u00f3wno p\u0142ytki, jak i naro\u017cniki. Je\u015bli w Twoim projekcie pojawiaj\u0105 si\u0119 winkle, o\u015bcie\u017ca drzwi lub okien, to od razu uwzgl\u0119dnij naro\u017cniki LONG. Je\u017celi nie chcesz ich u\u017cywa\u0107 do wyko\u0144czenia \u2013 zawsze monta\u017cysta mo\u017ce doci\u0105\u0107 p\u0142ytki pod docelowy wymiar.<\/p>\n\n\n\n<h4 class=\"wp-block-heading\">14.\u00a0Czy MILKE oferuje wsparcie przy obliczeniach ilo\u015bci p\u0142ytek i pomaga w monta\u017cu?<\/h4>\n\n\n\n<p><span style=\"text-decoration: underline;\"><a href=\"https:\/\/milke.se\/en\/kontakt\/\" target=\"_blank\" rel=\"noreferrer noopener\"><mark style=\"background-color:rgba(0, 0, 0, 0);color:#0e35ab\" class=\"has-inline-color\">Oferujemy wsparcie zar\u00f3wno na etapie projektowania, jak i realizacji.<\/mark><\/a><\/span><mark style=\"background-color:rgba(0, 0, 0, 0);color:#0e35ab\" class=\"has-inline-color\"> <\/mark>Pomo\u017cemy Ci dok\u0142adnie obliczy\u0107 ilo\u015b\u0107 p\u0142ytek potrzebnych na dan\u0105 powierzchni\u0119, uwzgl\u0119dniaj\u0105c specyfik\u0119 Twojego projektu oraz preferencje dotycz\u0105ce fugowania. Wystarczy, \u017ce skontaktujesz si\u0119 z nami mailowo lub telefonicznie.<\/p>\n\n\n\n<p>Je\u015bli chodzi o monta\u017c, cho\u0107 sami go nie wykonujemy, mo\u017cemy poleci\u0107 sprawdzone ekipy wykonawcze, z kt\u00f3rymi regularnie wsp\u00f3\u0142pracujemy. Dzi\u0119ki temu masz pewno\u015b\u0107, \u017ce Twoja realizacja b\u0119dzie w dobrych r\u0119kach.<\/p>\n\n\n\n<figure class=\"wp-block-image size-large\"><a href=\"https:\/\/milke.se\/en\/portfolio\/ivory-house-dwk-developer\/\" target=\"_blank\" rel=\"noreferrer noopener\"><img loading=\"lazy\" decoding=\"async\" width=\"1024\" height=\"662\" src=\"https:\/\/milke.se\/wp-content\/uploads\/2024\/08\/Ivory-House_LONG-MILKE-1024x662.png\" alt=\"\" class=\"wp-image-14636\" srcset=\"https:\/\/milke.se\/wp-content\/uploads\/2024\/08\/Ivory-House_LONG-MILKE-1024x662.png 1024w, https:\/\/milke.se\/wp-content\/uploads\/2024\/08\/Ivory-House_LONG-MILKE-300x194.png 300w, https:\/\/milke.se\/wp-content\/uploads\/2024\/08\/Ivory-House_LONG-MILKE-768x497.png 768w, https:\/\/milke.se\/wp-content\/uploads\/2024\/08\/Ivory-House_LONG-MILKE-565x365.png 565w, https:\/\/milke.se\/wp-content\/uploads\/2024\/08\/Ivory-House_LONG-MILKE-937x606.png 937w, https:\/\/milke.se\/wp-content\/uploads\/2024\/08\/Ivory-House_LONG-MILKE.png 1500w\" sizes=\"auto, (max-width: 1024px) 100vw, 1024px\" \/><\/a><\/figure>\n\n\n\n<blockquote class=\"wp-block-quote is-layout-flow wp-block-quote-is-layout-flow\">\n<p>Podsumowanie<\/p>\n<\/blockquote>\n\n\n\n<p>Ceg\u0142a LONG to wszechstronny materia\u0142, kt\u00f3ry daje ogromne mo\u017cliwo\u015bci aran\u017cacyjne zar\u00f3wno na zewn\u0105trz budynku, jak i we wn\u0119trzach. Dzi\u0119ki r\u00f3\u017cnym opcjom monta\u017cu, kolorystyki oraz mo\u017cliwo\u015bci \u0142\u0105czenia z innymi materia\u0142ami, LONG idealnie wpisuje si\u0119 w potrzeby nowoczesnych projekt\u00f3w. <\/p>\n\n\n\n<p>Warto zadba\u0107 o odpowiednie przygotowanie pod\u0142o\u017ca, dob\u00f3r materia\u0142\u00f3w monta\u017cowych i estetycznych detali, aby projekt by\u0142 nie tylko efektowny, ale i trwa\u0142y. MILKE oferuje wsparcie na ka\u017cdym etapie, zapewniaj\u0105c precyzyjne obliczenia i rekomendacje wykonawcze, aby realizacja przebieg\u0142a sprawnie i z pe\u0142nym sukcesem.<\/p>\n\n\n\n<pre class=\"wp-block-verse\"><\/pre>","protected":false},"excerpt":{"rendered":"<p>Dowiesz si\u0119 m.in.: jak zastosowa\u0107 p\u0142ytki na elewacji i we wn\u0119trzach, jak dobiera\u0107 kolory, materia\u0142y towarzysz\u0105ce, a tak\u017ce o mo\u017cliwo\u015bciach monta\u017cu i wsparcia od MILKE.<\/p>","protected":false},"author":10,"featured_media":11913,"comment_status":"closed","ping_status":"closed","sticky":false,"template":"","format":"standard","meta":{"footnotes":""},"categories":[23,267],"tags":[376,249,367,368,375],"class_list":["post-14997","post","type-post","status-publish","format-standard","has-post-thumbnail","hentry","category-milke-brick","category-poradnik-montazu","tag-dluga-plytka-ceglana","tag-long","tag-long-klasyczny","tag-long-raw","tag-plytka-long"],"yoast_head":"<!-- This site is optimized with the Yoast SEO plugin v27.5 - https:\/\/yoast.com\/product\/yoast-seo-wordpress\/ -->\n<title>D\u0142uga ceg\u0142a \u015bcienna i elewacyjna LONG - co warto wiedzie\u0107 przed jej zakupem? 14 najwa\u017cniejszych pyta\u0144 i odpowiedzi. - Sklep milke.se<\/title>\n<meta name=\"robots\" content=\"index, follow, max-snippet:-1, max-image-preview:large, max-video-preview:-1\" \/>\n<link rel=\"canonical\" href=\"http:\/\/milke.se\/en\/dluga-cegla-scienna-i-elewacyjna-long-co-warto-wiedziec-przed-jej-zakupem-14-najwazniejszych-pytan-i-odpowiedzi\/\" \/>\n<meta property=\"og:locale\" content=\"en_GB\" \/>\n<meta property=\"og:type\" content=\"article\" \/>\n<meta property=\"og:title\" content=\"D\u0142uga ceg\u0142a \u015bcienna i elewacyjna LONG - co warto wiedzie\u0107 przed jej zakupem? 14 najwa\u017cniejszych pyta\u0144 i odpowiedzi. - Sklep milke.se\" \/>\n<meta property=\"og:description\" content=\"Dowiesz si\u0119 m.in.: jak zastosowa\u0107 p\u0142ytki na elewacji i we wn\u0119trzach, jak dobiera\u0107 kolory, materia\u0142y towarzysz\u0105ce, a tak\u017ce o mo\u017cliwo\u015bciach monta\u017cu i wsparcia od MILKE.\" \/>\n<meta property=\"og:url\" content=\"http:\/\/milke.se\/en\/dluga-cegla-scienna-i-elewacyjna-long-co-warto-wiedziec-przed-jej-zakupem-14-najwazniejszych-pytan-i-odpowiedzi\/\" \/>\n<meta property=\"og:site_name\" content=\"Sklep milke.se\" \/>\n<meta property=\"article:published_time\" content=\"2024-09-02T14:23:25+00:00\" \/>\n<meta property=\"article:modified_time\" content=\"2025-06-23T18:48:55+00:00\" \/>\n<meta property=\"og:image\" content=\"http:\/\/milke.se\/wp-content\/uploads\/2019\/09\/Plytka-LONG-MILKE-kolor-naturalny-108-1024x662.png\" \/>\n\t<meta property=\"og:image:width\" content=\"1024\" \/>\n\t<meta property=\"og:image:height\" content=\"662\" \/>\n\t<meta property=\"og:image:type\" content=\"image\/png\" \/>\n<meta name=\"author\" content=\"gosia\" \/>\n<meta name=\"twitter:card\" content=\"summary_large_image\" \/>\n<meta name=\"twitter:label1\" content=\"Written by\" \/>\n\t<meta name=\"twitter:data1\" content=\"gosia\" \/>\n\t<meta name=\"twitter:label2\" content=\"Estimated reading time\" \/>\n\t<meta name=\"twitter:data2\" content=\"17 minutes\" \/>\n<script type=\"application\/ld+json\" class=\"yoast-schema-graph\">{\"@context\":\"https:\\\/\\\/schema.org\",\"@graph\":[{\"@type\":\"Article\",\"@id\":\"http:\\\/\\\/milke.se\\\/dluga-cegla-scienna-i-elewacyjna-long-co-warto-wiedziec-przed-jej-zakupem-14-najwazniejszych-pytan-i-odpowiedzi\\\/#article\",\"isPartOf\":{\"@id\":\"http:\\\/\\\/milke.se\\\/dluga-cegla-scienna-i-elewacyjna-long-co-warto-wiedziec-przed-jej-zakupem-14-najwazniejszych-pytan-i-odpowiedzi\\\/\"},\"author\":{\"name\":\"gosia\",\"@id\":\"https:\\\/\\\/milke.se\\\/#\\\/schema\\\/person\\\/fadf617787bffa00eed5e043f93c6658\"},\"headline\":\"D\u0142uga ceg\u0142a \u015bcienna i elewacyjna LONG &#8211; co warto wiedzie\u0107 przed jej zakupem? 14 najwa\u017cniejszych pyta\u0144 i odpowiedzi.\",\"datePublished\":\"2024-09-02T14:23:25+00:00\",\"dateModified\":\"2025-06-23T18:48:55+00:00\",\"mainEntityOfPage\":{\"@id\":\"http:\\\/\\\/milke.se\\\/dluga-cegla-scienna-i-elewacyjna-long-co-warto-wiedziec-przed-jej-zakupem-14-najwazniejszych-pytan-i-odpowiedzi\\\/\"},\"wordCount\":2869,\"image\":{\"@id\":\"http:\\\/\\\/milke.se\\\/dluga-cegla-scienna-i-elewacyjna-long-co-warto-wiedziec-przed-jej-zakupem-14-najwazniejszych-pytan-i-odpowiedzi\\\/#primaryimage\"},\"thumbnailUrl\":\"https:\\\/\\\/milke.se\\\/wp-content\\\/uploads\\\/2019\\\/09\\\/Plytka-LONG-MILKE-kolor-naturalny-108.png\",\"keywords\":[\"d\u0142uga p\u0142ytka ceglana\",\"long\",\"long klasyczny\",\"long raw\",\"p\u0142ytka long\"],\"articleSection\":[\"Milke Brick\",\"Poradnik Monta\u017cu\"],\"inLanguage\":\"en-GB\"},{\"@type\":\"WebPage\",\"@id\":\"http:\\\/\\\/milke.se\\\/dluga-cegla-scienna-i-elewacyjna-long-co-warto-wiedziec-przed-jej-zakupem-14-najwazniejszych-pytan-i-odpowiedzi\\\/\",\"url\":\"http:\\\/\\\/milke.se\\\/dluga-cegla-scienna-i-elewacyjna-long-co-warto-wiedziec-przed-jej-zakupem-14-najwazniejszych-pytan-i-odpowiedzi\\\/\",\"name\":\"D\u0142uga ceg\u0142a \u015bcienna i elewacyjna LONG - co warto wiedzie\u0107 przed jej zakupem? 14 najwa\u017cniejszych pyta\u0144 i odpowiedzi. - Sklep milke.se\",\"isPartOf\":{\"@id\":\"https:\\\/\\\/milke.se\\\/#website\"},\"primaryImageOfPage\":{\"@id\":\"http:\\\/\\\/milke.se\\\/dluga-cegla-scienna-i-elewacyjna-long-co-warto-wiedziec-przed-jej-zakupem-14-najwazniejszych-pytan-i-odpowiedzi\\\/#primaryimage\"},\"image\":{\"@id\":\"http:\\\/\\\/milke.se\\\/dluga-cegla-scienna-i-elewacyjna-long-co-warto-wiedziec-przed-jej-zakupem-14-najwazniejszych-pytan-i-odpowiedzi\\\/#primaryimage\"},\"thumbnailUrl\":\"https:\\\/\\\/milke.se\\\/wp-content\\\/uploads\\\/2019\\\/09\\\/Plytka-LONG-MILKE-kolor-naturalny-108.png\",\"datePublished\":\"2024-09-02T14:23:25+00:00\",\"dateModified\":\"2025-06-23T18:48:55+00:00\",\"author\":{\"@id\":\"https:\\\/\\\/milke.se\\\/#\\\/schema\\\/person\\\/fadf617787bffa00eed5e043f93c6658\"},\"breadcrumb\":{\"@id\":\"http:\\\/\\\/milke.se\\\/dluga-cegla-scienna-i-elewacyjna-long-co-warto-wiedziec-przed-jej-zakupem-14-najwazniejszych-pytan-i-odpowiedzi\\\/#breadcrumb\"},\"inLanguage\":\"en-GB\",\"potentialAction\":[{\"@type\":\"ReadAction\",\"target\":[\"http:\\\/\\\/milke.se\\\/dluga-cegla-scienna-i-elewacyjna-long-co-warto-wiedziec-przed-jej-zakupem-14-najwazniejszych-pytan-i-odpowiedzi\\\/\"]}]},{\"@type\":\"ImageObject\",\"inLanguage\":\"en-GB\",\"@id\":\"http:\\\/\\\/milke.se\\\/dluga-cegla-scienna-i-elewacyjna-long-co-warto-wiedziec-przed-jej-zakupem-14-najwazniejszych-pytan-i-odpowiedzi\\\/#primaryimage\",\"url\":\"https:\\\/\\\/milke.se\\\/wp-content\\\/uploads\\\/2019\\\/09\\\/Plytka-LONG-MILKE-kolor-naturalny-108.png\",\"contentUrl\":\"https:\\\/\\\/milke.se\\\/wp-content\\\/uploads\\\/2019\\\/09\\\/Plytka-LONG-MILKE-kolor-naturalny-108.png\",\"width\":1500,\"height\":970},{\"@type\":\"BreadcrumbList\",\"@id\":\"http:\\\/\\\/milke.se\\\/dluga-cegla-scienna-i-elewacyjna-long-co-warto-wiedziec-przed-jej-zakupem-14-najwazniejszych-pytan-i-odpowiedzi\\\/#breadcrumb\",\"itemListElement\":[{\"@type\":\"ListItem\",\"position\":1,\"name\":\"Strona g\u0142\u00f3wna\",\"item\":\"https:\\\/\\\/milke.se\\\/\"},{\"@type\":\"ListItem\",\"position\":2,\"name\":\"D\u0142uga ceg\u0142a \u015bcienna i elewacyjna LONG &#8211; co warto wiedzie\u0107 przed jej zakupem? 14 najwa\u017cniejszych pyta\u0144 i odpowiedzi.\"}]},{\"@type\":\"WebSite\",\"@id\":\"https:\\\/\\\/milke.se\\\/#website\",\"url\":\"https:\\\/\\\/milke.se\\\/\",\"name\":\"Sklep milke.se\",\"description\":\"\",\"potentialAction\":[{\"@type\":\"SearchAction\",\"target\":{\"@type\":\"EntryPoint\",\"urlTemplate\":\"https:\\\/\\\/milke.se\\\/?s={search_term_string}\"},\"query-input\":{\"@type\":\"PropertyValueSpecification\",\"valueRequired\":true,\"valueName\":\"search_term_string\"}}],\"inLanguage\":\"en-GB\"},{\"@type\":\"Person\",\"@id\":\"https:\\\/\\\/milke.se\\\/#\\\/schema\\\/person\\\/fadf617787bffa00eed5e043f93c6658\",\"name\":\"gosia\",\"image\":{\"@type\":\"ImageObject\",\"inLanguage\":\"en-GB\",\"@id\":\"https:\\\/\\\/secure.gravatar.com\\\/avatar\\\/d015641c701744bad013fbd8e231a522c13d4427fa0ef10ccc1b97361270dec2?s=96&d=mm&r=g\",\"url\":\"https:\\\/\\\/secure.gravatar.com\\\/avatar\\\/d015641c701744bad013fbd8e231a522c13d4427fa0ef10ccc1b97361270dec2?s=96&d=mm&r=g\",\"contentUrl\":\"https:\\\/\\\/secure.gravatar.com\\\/avatar\\\/d015641c701744bad013fbd8e231a522c13d4427fa0ef10ccc1b97361270dec2?s=96&d=mm&r=g\",\"caption\":\"gosia\"},\"description\":\"Ma\u0142gorzata Milke Head of Marketing MILKE | Marketing kreatywny | Marketing internetowy | Strategia + Komunikacja | Tworz\u0119 biznesowe pomys\u0142y. Wykorzystuj\u0119 kreatywnie umys\u0142. Pisz\u0119 z pasj\u0105. Beton w moim towarzystwie w ko\u0144cu ma szasn\u0119 o\u017cy\u0107 i pokaza\u0107 sw\u00f3j prawdziwy charakter.\",\"url\":\"https:\\\/\\\/milke.se\\\/en\\\/author\\\/gosia\\\/\"}]}<\/script>\n<!-- \/ Yoast SEO plugin. -->","yoast_head_json":{"title":"D\u0142uga ceg\u0142a \u015bcienna i elewacyjna LONG - co warto wiedzie\u0107 przed jej zakupem? 14 najwa\u017cniejszych pyta\u0144 i odpowiedzi. - Sklep milke.se","robots":{"index":"index","follow":"follow","max-snippet":"max-snippet:-1","max-image-preview":"max-image-preview:large","max-video-preview":"max-video-preview:-1"},"canonical":"http:\/\/milke.se\/en\/dluga-cegla-scienna-i-elewacyjna-long-co-warto-wiedziec-przed-jej-zakupem-14-najwazniejszych-pytan-i-odpowiedzi\/","og_locale":"en_GB","og_type":"article","og_title":"D\u0142uga ceg\u0142a \u015bcienna i elewacyjna LONG - co warto wiedzie\u0107 przed jej zakupem? 14 najwa\u017cniejszych pyta\u0144 i odpowiedzi. - Sklep milke.se","og_description":"Dowiesz si\u0119 m.in.: jak zastosowa\u0107 p\u0142ytki na elewacji i we wn\u0119trzach, jak dobiera\u0107 kolory, materia\u0142y towarzysz\u0105ce, a tak\u017ce o mo\u017cliwo\u015bciach monta\u017cu i wsparcia od MILKE.","og_url":"http:\/\/milke.se\/en\/dluga-cegla-scienna-i-elewacyjna-long-co-warto-wiedziec-przed-jej-zakupem-14-najwazniejszych-pytan-i-odpowiedzi\/","og_site_name":"Sklep milke.se","article_published_time":"2024-09-02T14:23:25+00:00","article_modified_time":"2025-06-23T18:48:55+00:00","og_image":[{"width":1024,"height":662,"url":"http:\/\/milke.se\/wp-content\/uploads\/2019\/09\/Plytka-LONG-MILKE-kolor-naturalny-108-1024x662.png","type":"image\/png"}],"author":"gosia","twitter_card":"summary_large_image","twitter_misc":{"Written by":"gosia","Estimated reading time":"17 minutes"},"schema":{"@context":"https:\/\/schema.org","@graph":[{"@type":"Article","@id":"http:\/\/milke.se\/dluga-cegla-scienna-i-elewacyjna-long-co-warto-wiedziec-przed-jej-zakupem-14-najwazniejszych-pytan-i-odpowiedzi\/#article","isPartOf":{"@id":"http:\/\/milke.se\/dluga-cegla-scienna-i-elewacyjna-long-co-warto-wiedziec-przed-jej-zakupem-14-najwazniejszych-pytan-i-odpowiedzi\/"},"author":{"name":"gosia","@id":"https:\/\/milke.se\/#\/schema\/person\/fadf617787bffa00eed5e043f93c6658"},"headline":"D\u0142uga ceg\u0142a \u015bcienna i elewacyjna LONG &#8211; co warto wiedzie\u0107 przed jej zakupem? 14 najwa\u017cniejszych pyta\u0144 i odpowiedzi.","datePublished":"2024-09-02T14:23:25+00:00","dateModified":"2025-06-23T18:48:55+00:00","mainEntityOfPage":{"@id":"http:\/\/milke.se\/dluga-cegla-scienna-i-elewacyjna-long-co-warto-wiedziec-przed-jej-zakupem-14-najwazniejszych-pytan-i-odpowiedzi\/"},"wordCount":2869,"image":{"@id":"http:\/\/milke.se\/dluga-cegla-scienna-i-elewacyjna-long-co-warto-wiedziec-przed-jej-zakupem-14-najwazniejszych-pytan-i-odpowiedzi\/#primaryimage"},"thumbnailUrl":"https:\/\/milke.se\/wp-content\/uploads\/2019\/09\/Plytka-LONG-MILKE-kolor-naturalny-108.png","keywords":["d\u0142uga p\u0142ytka ceglana","long","long klasyczny","long raw","p\u0142ytka long"],"articleSection":["Milke Brick","Poradnik Monta\u017cu"],"inLanguage":"en-GB"},{"@type":"WebPage","@id":"http:\/\/milke.se\/dluga-cegla-scienna-i-elewacyjna-long-co-warto-wiedziec-przed-jej-zakupem-14-najwazniejszych-pytan-i-odpowiedzi\/","url":"http:\/\/milke.se\/dluga-cegla-scienna-i-elewacyjna-long-co-warto-wiedziec-przed-jej-zakupem-14-najwazniejszych-pytan-i-odpowiedzi\/","name":"D\u0142uga ceg\u0142a \u015bcienna i elewacyjna LONG - co warto wiedzie\u0107 przed jej zakupem? 14 najwa\u017cniejszych pyta\u0144 i odpowiedzi. - Sklep milke.se","isPartOf":{"@id":"https:\/\/milke.se\/#website"},"primaryImageOfPage":{"@id":"http:\/\/milke.se\/dluga-cegla-scienna-i-elewacyjna-long-co-warto-wiedziec-przed-jej-zakupem-14-najwazniejszych-pytan-i-odpowiedzi\/#primaryimage"},"image":{"@id":"http:\/\/milke.se\/dluga-cegla-scienna-i-elewacyjna-long-co-warto-wiedziec-przed-jej-zakupem-14-najwazniejszych-pytan-i-odpowiedzi\/#primaryimage"},"thumbnailUrl":"https:\/\/milke.se\/wp-content\/uploads\/2019\/09\/Plytka-LONG-MILKE-kolor-naturalny-108.png","datePublished":"2024-09-02T14:23:25+00:00","dateModified":"2025-06-23T18:48:55+00:00","author":{"@id":"https:\/\/milke.se\/#\/schema\/person\/fadf617787bffa00eed5e043f93c6658"},"breadcrumb":{"@id":"http:\/\/milke.se\/dluga-cegla-scienna-i-elewacyjna-long-co-warto-wiedziec-przed-jej-zakupem-14-najwazniejszych-pytan-i-odpowiedzi\/#breadcrumb"},"inLanguage":"en-GB","potentialAction":[{"@type":"ReadAction","target":["http:\/\/milke.se\/dluga-cegla-scienna-i-elewacyjna-long-co-warto-wiedziec-przed-jej-zakupem-14-najwazniejszych-pytan-i-odpowiedzi\/"]}]},{"@type":"ImageObject","inLanguage":"en-GB","@id":"http:\/\/milke.se\/dluga-cegla-scienna-i-elewacyjna-long-co-warto-wiedziec-przed-jej-zakupem-14-najwazniejszych-pytan-i-odpowiedzi\/#primaryimage","url":"https:\/\/milke.se\/wp-content\/uploads\/2019\/09\/Plytka-LONG-MILKE-kolor-naturalny-108.png","contentUrl":"https:\/\/milke.se\/wp-content\/uploads\/2019\/09\/Plytka-LONG-MILKE-kolor-naturalny-108.png","width":1500,"height":970},{"@type":"BreadcrumbList","@id":"http:\/\/milke.se\/dluga-cegla-scienna-i-elewacyjna-long-co-warto-wiedziec-przed-jej-zakupem-14-najwazniejszych-pytan-i-odpowiedzi\/#breadcrumb","itemListElement":[{"@type":"ListItem","position":1,"name":"Strona g\u0142\u00f3wna","item":"https:\/\/milke.se\/"},{"@type":"ListItem","position":2,"name":"D\u0142uga ceg\u0142a \u015bcienna i elewacyjna LONG &#8211; co warto wiedzie\u0107 przed jej zakupem? 14 najwa\u017cniejszych pyta\u0144 i odpowiedzi."}]},{"@type":"WebSite","@id":"https:\/\/milke.se\/#website","url":"https:\/\/milke.se\/","name":"Shop milke.se","description":"","potentialAction":[{"@type":"SearchAction","target":{"@type":"EntryPoint","urlTemplate":"https:\/\/milke.se\/?s={search_term_string}"},"query-input":{"@type":"PropertyValueSpecification","valueRequired":true,"valueName":"search_term_string"}}],"inLanguage":"en-GB"},{"@type":"Person","@id":"https:\/\/milke.se\/#\/schema\/person\/fadf617787bffa00eed5e043f93c6658","name":"gosia","image":{"@type":"ImageObject","inLanguage":"en-GB","@id":"https:\/\/secure.gravatar.com\/avatar\/d015641c701744bad013fbd8e231a522c13d4427fa0ef10ccc1b97361270dec2?s=96&d=mm&r=g","url":"https:\/\/secure.gravatar.com\/avatar\/d015641c701744bad013fbd8e231a522c13d4427fa0ef10ccc1b97361270dec2?s=96&d=mm&r=g","contentUrl":"https:\/\/secure.gravatar.com\/avatar\/d015641c701744bad013fbd8e231a522c13d4427fa0ef10ccc1b97361270dec2?s=96&d=mm&r=g","caption":"gosia"},"description":"Ma\u0142gorzata Milke Head of Marketing MILKE | Marketing kreatywny | Marketing internetowy | Strategia + Komunikacja | Tworz\u0119 biznesowe pomys\u0142y. Wykorzystuj\u0119 kreatywnie umys\u0142. Pisz\u0119 z pasj\u0105. Beton w moim towarzystwie w ko\u0144cu ma szasn\u0119 o\u017cy\u0107 i pokaza\u0107 sw\u00f3j prawdziwy charakter.","url":"https:\/\/milke.se\/en\/author\/gosia\/"}]}},"_links":{"self":[{"href":"https:\/\/milke.se\/en\/wp-json\/wp\/v2\/posts\/14997","targetHints":{"allow":["GET"]}}],"collection":[{"href":"https:\/\/milke.se\/en\/wp-json\/wp\/v2\/posts"}],"about":[{"href":"https:\/\/milke.se\/en\/wp-json\/wp\/v2\/types\/post"}],"author":[{"embeddable":true,"href":"https:\/\/milke.se\/en\/wp-json\/wp\/v2\/users\/10"}],"replies":[{"embeddable":true,"href":"https:\/\/milke.se\/en\/wp-json\/wp\/v2\/comments?post=14997"}],"version-history":[{"count":56,"href":"https:\/\/milke.se\/en\/wp-json\/wp\/v2\/posts\/14997\/revisions"}],"predecessor-version":[{"id":17412,"href":"https:\/\/milke.se\/en\/wp-json\/wp\/v2\/posts\/14997\/revisions\/17412"}],"wp:featuredmedia":[{"embeddable":true,"href":"https:\/\/milke.se\/en\/wp-json\/wp\/v2\/media\/11913"}],"wp:attachment":[{"href":"https:\/\/milke.se\/en\/wp-json\/wp\/v2\/media?parent=14997"}],"wp:term":[{"taxonomy":"category","embeddable":true,"href":"https:\/\/milke.se\/en\/wp-json\/wp\/v2\/categories?post=14997"},{"taxonomy":"post_tag","embeddable":true,"href":"https:\/\/milke.se\/en\/wp-json\/wp\/v2\/tags?post=14997"}],"curies":[{"name":"wp","href":"https:\/\/api.w.org\/{rel}","templated":true}]}}