{"id":8411,"date":"2021-05-16T10:19:24","date_gmt":"2021-05-16T08:19:24","guid":{"rendered":"https:\/\/milke.se\/?p=8411"},"modified":"2021-05-16T10:19:27","modified_gmt":"2021-05-16T08:19:27","slug":"poznajmy-architektow-a2plus1","status":"publish","type":"post","link":"https:\/\/milke.se\/en\/poznajmy-architektow-a2plus1\/","title":{"rendered":"\u201cPoznajmy Architekt\u00f3w\u201d \u2013 A2plus1"},"content":{"rendered":"<p><span class=\"has-inline-color has-black-color\">Wpis z 15 maja 2021r.<\/span><\/p>\n\n\n\n<p><span style=\"text-decoration: underline;\"><span class=\"has-inline-color has-black-color\">Nadesz\u0142a sobota, wi\u0119c kontunuujemy poznawanie architekt\u00f3w.<\/span><\/span> Po tej naszej Akcji <a href=\"https:\/\/www.facebook.com\/hashtag\/poznajmyarchitekt%C3%B3w?__eep__=6&__cft__[0]=AZWT_08fQGFcxG48OkCm80rA_yvDWzxnWYFsDWe-qUJCWk7ZqYbvceoVa544e0YsQEi4cF26kQUL9iS_7axVT0JHc7uRAhdO6ksfCJYmhkc5VzyVAfV9EfEwCWfQWXfJDNEk2kZND1Oo0TlaSlnN5ddEkAwhMr_1dF_6iXuS8ok94A&__tn__=*NK-R\">#poznajmyarchitekt\u00f3w<\/a> tak namacalnie wida\u0107, jak ten czas szybko leci. Co si\u0119 nie obejrzymy \u2013 ju\u017c weekend. Sp\u0119d\u017amy go zatem najlepiej jak si\u0119 da\u2026i dzisiaj w towarzystwie pracaowni A2plus1, w sk\u0142adzie: Pawe\u0142 Paradysz, Dorota Damm-Paradysz, Konrad Miko\u0142ajczyk.<\/p>\n\n\n\n<p>Porozmawiali\u015bmy z cz\u0142onkami pracowni i tym sposobem wy\u0142oni\u0142 si\u0119 do pokazania szerszemu gronu obiekt o tajemniczym numerze G_01. <\/p>\n\n\n\n<p>Swoj\u0105 drog\u0105 chyba stworzymy kiedy\u015b wpis na temat tego: \u201eSk\u0105d architekci bior\u0105 pomys\u0142y na nazwy swoich projekt\u00f3w\u201d? Im dalej idziemy w las z Akcj\u0105, tym bardziej wydaje si\u0119 to temat godny ma\u0142ego \u015bledztwa \ud83d\ude42<br><\/p>\n\n\n\n<blockquote class=\"wp-block-quote is-layout-flow wp-block-quote-is-layout-flow\"><p>G_01<br>Temat: Dom jednorodzinny \u2013 pi\u0119trowy<br>Pracownia: A2+1 Paradysz&Miko\u0142ajczyk<br>Inwestor prywatny<\/p><\/blockquote>\n\n\n\n<p>Kolejny projekt, w kt\u00f3rym wykorzystali\u015bmy na elewacji ceg\u0142\u0119, tym razem w po\u0142\u0105czeniu z drewnem. Inwestor chcia\u0142, aby bry\u0142a budynku by\u0142a prosta, geometryczna i jasna, ale jednocze\u015bnie \u201eciep\u0142a\u201d w odbiorze, nie \u201emodernistyczno \u2013 biurowa\u201d, a przyst\u0119pna, przywodz\u0105ca na my\u015bl bardziej domy klimat\u00f3w tropikalnych, lecz nie w dos\u0142ownych nawi\u0105zaniach. <\/p>\n\n\n\n<p>Taki efekt uda\u0142o nam si\u0119 osi\u0105gn\u0105\u0107 przez zastosowanie na elewacji jasnej ceg\u0142y (d\u0142ugi format) w po\u0142\u0105czeniu z drewnianymi lamelami, a tak\u017ce wykonanie \u015bcianek a\u017curowych, zar\u00f3wno w formie zas\u0142oni\u0119cia dla du\u017cych przeszkle\u0144 na pi\u0119trze, jak i zapewniaj\u0105cych prywatno\u015b\u0107, ale przepuszczaj\u0105cych \u015bwiat\u0142o i powietrze podzia\u0142\u00f3w na tarasie.<\/p>\n\n\n\n<figure class=\"wp-block-gallery columns-1 is-cropped wp-block-gallery-1 is-layout-flex wp-block-gallery-is-layout-flex\"><ul class=\"blocks-gallery-grid\"><li class=\"blocks-gallery-item\"><figure><a href=\"https:\/\/milke.se\/wp-content\/uploads\/2021\/05\/dom-RG-uj-3-201010_opis-pl-scaled.jpg\"><img loading=\"lazy\" decoding=\"async\" width=\"1024\" height=\"512\" src=\"https:\/\/milke.se\/wp-content\/uploads\/2021\/05\/dom-RG-uj-3-201010_opis-pl-1024x512.jpg\" alt=\"\" data-id=\"8412\" data-full-url=\"https:\/\/milke.se\/wp-content\/uploads\/2021\/05\/dom-RG-uj-3-201010_opis-pl-scaled.jpg\" data-link=\"https:\/\/milke.se?attachment_id=8412\" class=\"wp-image-8412\" srcset=\"https:\/\/milke.se\/wp-content\/uploads\/2021\/05\/dom-RG-uj-3-201010_opis-pl-1024x512.jpg 1024w, https:\/\/milke.se\/wp-content\/uploads\/2021\/05\/dom-RG-uj-3-201010_opis-pl-300x150.jpg 300w, https:\/\/milke.se\/wp-content\/uploads\/2021\/05\/dom-RG-uj-3-201010_opis-pl-768x384.jpg 768w, https:\/\/milke.se\/wp-content\/uploads\/2021\/05\/dom-RG-uj-3-201010_opis-pl-1536x768.jpg 1536w, https:\/\/milke.se\/wp-content\/uploads\/2021\/05\/dom-RG-uj-3-201010_opis-pl-2048x1024.jpg 2048w, https:\/\/milke.se\/wp-content\/uploads\/2021\/05\/dom-RG-uj-3-201010_opis-pl-565x283.jpg 565w, https:\/\/milke.se\/wp-content\/uploads\/2021\/05\/dom-RG-uj-3-201010_opis-pl-937x469.jpg 937w\" sizes=\"auto, (max-width: 1024px) 100vw, 1024px\" \/><\/a><\/figure><\/li><li class=\"blocks-gallery-item\"><figure><a href=\"https:\/\/milke.se\/wp-content\/uploads\/2021\/05\/dom-RG-uj-7-201010-scaled.jpg\"><img loading=\"lazy\" decoding=\"async\" width=\"768\" height=\"1024\" src=\"https:\/\/milke.se\/wp-content\/uploads\/2021\/05\/dom-RG-uj-7-201010-768x1024.jpg\" alt=\"\" data-id=\"8413\" data-full-url=\"https:\/\/milke.se\/wp-content\/uploads\/2021\/05\/dom-RG-uj-7-201010-scaled.jpg\" data-link=\"https:\/\/milke.se?attachment_id=8413\" class=\"wp-image-8413\" srcset=\"https:\/\/milke.se\/wp-content\/uploads\/2021\/05\/dom-RG-uj-7-201010-768x1024.jpg 768w, https:\/\/milke.se\/wp-content\/uploads\/2021\/05\/dom-RG-uj-7-201010-225x300.jpg 225w, https:\/\/milke.se\/wp-content\/uploads\/2021\/05\/dom-RG-uj-7-201010-1152x1536.jpg 1152w, https:\/\/milke.se\/wp-content\/uploads\/2021\/05\/dom-RG-uj-7-201010-1536x2048.jpg 1536w, https:\/\/milke.se\/wp-content\/uploads\/2021\/05\/dom-RG-uj-7-201010-565x753.jpg 565w, https:\/\/milke.se\/wp-content\/uploads\/2021\/05\/dom-RG-uj-7-201010-937x1249.jpg 937w, https:\/\/milke.se\/wp-content\/uploads\/2021\/05\/dom-RG-uj-7-201010-scaled.jpg 1920w\" sizes=\"auto, (max-width: 768px) 100vw, 768px\" \/><\/a><\/figure><\/li><li class=\"blocks-gallery-item\"><figure><a href=\"https:\/\/milke.se\/wp-content\/uploads\/2021\/05\/dom-RG-uj-9-201010-kadr-opis-pl-scaled.jpg\"><img loading=\"lazy\" decoding=\"async\" width=\"768\" height=\"1024\" src=\"https:\/\/milke.se\/wp-content\/uploads\/2021\/05\/dom-RG-uj-9-201010-kadr-opis-pl-768x1024.jpg\" alt=\"\" data-id=\"8414\" data-full-url=\"https:\/\/milke.se\/wp-content\/uploads\/2021\/05\/dom-RG-uj-9-201010-kadr-opis-pl-scaled.jpg\" data-link=\"https:\/\/milke.se?attachment_id=8414\" class=\"wp-image-8414\" srcset=\"https:\/\/milke.se\/wp-content\/uploads\/2021\/05\/dom-RG-uj-9-201010-kadr-opis-pl-768x1024.jpg 768w, https:\/\/milke.se\/wp-content\/uploads\/2021\/05\/dom-RG-uj-9-201010-kadr-opis-pl-225x300.jpg 225w, https:\/\/milke.se\/wp-content\/uploads\/2021\/05\/dom-RG-uj-9-201010-kadr-opis-pl-1152x1536.jpg 1152w, https:\/\/milke.se\/wp-content\/uploads\/2021\/05\/dom-RG-uj-9-201010-kadr-opis-pl-1536x2048.jpg 1536w, https:\/\/milke.se\/wp-content\/uploads\/2021\/05\/dom-RG-uj-9-201010-kadr-opis-pl-565x753.jpg 565w, https:\/\/milke.se\/wp-content\/uploads\/2021\/05\/dom-RG-uj-9-201010-kadr-opis-pl-937x1249.jpg 937w, https:\/\/milke.se\/wp-content\/uploads\/2021\/05\/dom-RG-uj-9-201010-kadr-opis-pl-scaled.jpg 1920w\" sizes=\"auto, (max-width: 768px) 100vw, 768px\" \/><\/a><\/figure><\/li><li class=\"blocks-gallery-item\"><figure><a href=\"https:\/\/milke.se\/wp-content\/uploads\/2021\/05\/dom-RG-uj-10-201010-kadr-2-scaled.jpg\"><img loading=\"lazy\" decoding=\"async\" width=\"1024\" height=\"683\" src=\"https:\/\/milke.se\/wp-content\/uploads\/2021\/05\/dom-RG-uj-10-201010-kadr-2-1024x683.jpg\" alt=\"\" data-id=\"8415\" data-full-url=\"https:\/\/milke.se\/wp-content\/uploads\/2021\/05\/dom-RG-uj-10-201010-kadr-2-scaled.jpg\" data-link=\"https:\/\/milke.se?attachment_id=8415\" class=\"wp-image-8415\" srcset=\"https:\/\/milke.se\/wp-content\/uploads\/2021\/05\/dom-RG-uj-10-201010-kadr-2-1024x683.jpg 1024w, https:\/\/milke.se\/wp-content\/uploads\/2021\/05\/dom-RG-uj-10-201010-kadr-2-300x200.jpg 300w, https:\/\/milke.se\/wp-content\/uploads\/2021\/05\/dom-RG-uj-10-201010-kadr-2-768x512.jpg 768w, https:\/\/milke.se\/wp-content\/uploads\/2021\/05\/dom-RG-uj-10-201010-kadr-2-1536x1024.jpg 1536w, https:\/\/milke.se\/wp-content\/uploads\/2021\/05\/dom-RG-uj-10-201010-kadr-2-2048x1365.jpg 2048w, https:\/\/milke.se\/wp-content\/uploads\/2021\/05\/dom-RG-uj-10-201010-kadr-2-360x240.jpg 360w, https:\/\/milke.se\/wp-content\/uploads\/2021\/05\/dom-RG-uj-10-201010-kadr-2-565x377.jpg 565w, https:\/\/milke.se\/wp-content\/uploads\/2021\/05\/dom-RG-uj-10-201010-kadr-2-937x625.jpg 937w\" sizes=\"auto, (max-width: 1024px) 100vw, 1024px\" \/><\/a><\/figure><\/li><li class=\"blocks-gallery-item\"><figure><a href=\"https:\/\/milke.se\/wp-content\/uploads\/2021\/05\/dom-RG-uj-11_rooitou_park_B_W-201013-scaled.jpg\"><img loading=\"lazy\" decoding=\"async\" width=\"683\" height=\"1024\" src=\"https:\/\/milke.se\/wp-content\/uploads\/2021\/05\/dom-RG-uj-11_rooitou_park_B_W-201013-683x1024.jpg\" alt=\"\" data-id=\"8416\" data-full-url=\"https:\/\/milke.se\/wp-content\/uploads\/2021\/05\/dom-RG-uj-11_rooitou_park_B_W-201013-scaled.jpg\" data-link=\"https:\/\/milke.se?attachment_id=8416\" class=\"wp-image-8416\" srcset=\"https:\/\/milke.se\/wp-content\/uploads\/2021\/05\/dom-RG-uj-11_rooitou_park_B_W-201013-683x1024.jpg 683w, https:\/\/milke.se\/wp-content\/uploads\/2021\/05\/dom-RG-uj-11_rooitou_park_B_W-201013-200x300.jpg 200w, https:\/\/milke.se\/wp-content\/uploads\/2021\/05\/dom-RG-uj-11_rooitou_park_B_W-201013-768x1152.jpg 768w, https:\/\/milke.se\/wp-content\/uploads\/2021\/05\/dom-RG-uj-11_rooitou_park_B_W-201013-1024x1536.jpg 1024w, https:\/\/milke.se\/wp-content\/uploads\/2021\/05\/dom-RG-uj-11_rooitou_park_B_W-201013-1365x2048.jpg 1365w, https:\/\/milke.se\/wp-content\/uploads\/2021\/05\/dom-RG-uj-11_rooitou_park_B_W-201013-565x848.jpg 565w, https:\/\/milke.se\/wp-content\/uploads\/2021\/05\/dom-RG-uj-11_rooitou_park_B_W-201013-937x1406.jpg 937w, https:\/\/milke.se\/wp-content\/uploads\/2021\/05\/dom-RG-uj-11_rooitou_park_B_W-201013-scaled.jpg 1707w\" sizes=\"auto, (max-width: 683px) 100vw, 683px\" \/><\/a><\/figure><\/li><li class=\"blocks-gallery-item\"><figure><a href=\"https:\/\/milke.se\/wp-content\/uploads\/2021\/05\/dom-RG-uj-12_rooitou_park_b_w_opis-pl-scaled.jpg\"><img loading=\"lazy\" decoding=\"async\" width=\"768\" height=\"1024\" src=\"https:\/\/milke.se\/wp-content\/uploads\/2021\/05\/dom-RG-uj-12_rooitou_park_b_w_opis-pl-768x1024.jpg\" alt=\"\" data-id=\"8417\" data-full-url=\"https:\/\/milke.se\/wp-content\/uploads\/2021\/05\/dom-RG-uj-12_rooitou_park_b_w_opis-pl-scaled.jpg\" data-link=\"https:\/\/milke.se?attachment_id=8417\" class=\"wp-image-8417\" srcset=\"https:\/\/milke.se\/wp-content\/uploads\/2021\/05\/dom-RG-uj-12_rooitou_park_b_w_opis-pl-768x1024.jpg 768w, https:\/\/milke.se\/wp-content\/uploads\/2021\/05\/dom-RG-uj-12_rooitou_park_b_w_opis-pl-225x300.jpg 225w, https:\/\/milke.se\/wp-content\/uploads\/2021\/05\/dom-RG-uj-12_rooitou_park_b_w_opis-pl-1152x1536.jpg 1152w, https:\/\/milke.se\/wp-content\/uploads\/2021\/05\/dom-RG-uj-12_rooitou_park_b_w_opis-pl-1536x2048.jpg 1536w, https:\/\/milke.se\/wp-content\/uploads\/2021\/05\/dom-RG-uj-12_rooitou_park_b_w_opis-pl-565x753.jpg 565w, https:\/\/milke.se\/wp-content\/uploads\/2021\/05\/dom-RG-uj-12_rooitou_park_b_w_opis-pl-937x1249.jpg 937w, https:\/\/milke.se\/wp-content\/uploads\/2021\/05\/dom-RG-uj-12_rooitou_park_b_w_opis-pl-scaled.jpg 1920w\" sizes=\"auto, (max-width: 768px) 100vw, 768px\" \/><\/a><\/figure><\/li><\/ul><\/figure>\n\n\n\n<p><span class=\"has-inline-color has-black-color\">Wpis z 16 maja 2021r.<\/span><\/p>\n\n\n\n<p><span style=\"text-decoration: underline;\"><span class=\"has-inline-color has-black-color\">Tak ju\u017c troch\u0119 wesz\u0142o w krew, \u017ce w niedziel\u0119 stawiamy krok nr 2 i pokazujemy kolejne projekty architekt\u00f3w, o kt\u00f3rych wspominali\u015bmy w sobot\u0119. <\/span><\/span>Zreszt\u0105 to tylko namiastka i wycinek prac ka\u017cdej z pracowni, bo w dwa weekendowe dni naszej Akcji <a href=\"https:\/\/www.facebook.com\/hashtag\/poznajmyarchitekt%C3%B3w?__eep__=6&__cft__[0]=AZVBvc0GKjA_tVMci7XCT4gXlUpyKBj_rAnzBcyx06goMtk718hwPayrHPAim4ACa7YtqLq-V1r29wRQb46LlyjqXz8Xe3xvtXiUvw2FiTvomAkHpoZRTWTpMVS1d9SaZ9uCVcB-Ah6dRoxm-oKKCWzk0vXD1ISRdLdPggGJZkMuFg&__tn__=*NK-R\">#poznajmyarchitekt\u00f3w<\/a> ci\u0119\u017cko uj\u0105\u0107 WSZYSTKO na ich temat. Niemniej wierzymy, \u017ce je\u017celi tylko kt\u00f3ra\u015b z omawianych realizacji Was zainteresuje \u2013 p\u00f3jdziecie dalej z tematem.<\/p>\n\n\n\n<p>To jak?<\/p>\n\n\n\n<blockquote class=\"wp-block-quote is-layout-flow wp-block-quote-is-layout-flow\"><p>Dzi\u015b obiekt N_01<br>Temat: Dom jednorodzinny \u2013 parterownia<br>Pracownia A2plus1 Paradysz&Miko\u0142ajczyk<br>Inwestor prywatny<\/p><\/blockquote>\n\n\n\n<p>Inwestor postawi\u0142 przed nami do\u015b\u0107 trudne zadanie \u2013 nowoczesny w odbiorze, ale ponadczasowy, dom parterowy o du\u017cej powierzchni, ale \u2013 ze wzgl\u0119du na zapisy mpzp \u2013 z dachem sko\u015bnym. Wiadomo, \u017ce jak ponadczasowa elegancja, to na my\u015bl przychodzi ceg\u0142a, szlachetna, prosta i solidna. <\/p>\n\n\n\n<p>Postanowili\u015bmy zastosowa\u0107 p\u0142ytki elewacyjne o klasycznym wypaleniu, ale d\u0142ugim i w\u0105skim formacie, kt\u00f3rych u\u0142o\u017cenie woz\u00f3wkowe daje efekt geometryczny \u015bwietnie komponuj\u0105cy si\u0119 z nowoczesnymi wizualnie fragmentami elewacji wykonanymi w tynku oraz sko\u015bn\u0105 nadbudow\u0105 salonu wyko\u0144czon\u0105 blach\u0105 na r\u0105bek. Dzi\u0119ki takiemu po\u0142\u0105czeniu materia\u0142\u00f3w na elewacji, bry\u0142a domu parterowego o du\u017cej powierzchni nie jest przysadzista i masywna, a wewn\u0119trzny podzia\u0142 na strefy prywatn\u0105 i og\u00f3lnodost\u0119pn\u0105 jest wizualnie odzwierciedlony na zewn\u0105trz budynku.<\/p>\n\n\n\n<figure class=\"wp-block-gallery columns-1 is-cropped wp-block-gallery-2 is-layout-flex wp-block-gallery-is-layout-flex\"><ul class=\"blocks-gallery-grid\"><li class=\"blocks-gallery-item\"><figure><a href=\"https:\/\/milke.se\/wp-content\/uploads\/2021\/05\/nektarowa-foto-1-200913-bez-ramki-scaled.jpg\"><img loading=\"lazy\" decoding=\"async\" width=\"683\" height=\"1024\" src=\"https:\/\/milke.se\/wp-content\/uploads\/2021\/05\/nektarowa-foto-1-200913-bez-ramki-683x1024.jpg\" alt=\"\" data-id=\"8418\" data-full-url=\"https:\/\/milke.se\/wp-content\/uploads\/2021\/05\/nektarowa-foto-1-200913-bez-ramki-scaled.jpg\" data-link=\"https:\/\/milke.se?attachment_id=8418\" class=\"wp-image-8418\" srcset=\"https:\/\/milke.se\/wp-content\/uploads\/2021\/05\/nektarowa-foto-1-200913-bez-ramki-683x1024.jpg 683w, https:\/\/milke.se\/wp-content\/uploads\/2021\/05\/nektarowa-foto-1-200913-bez-ramki-200x300.jpg 200w, https:\/\/milke.se\/wp-content\/uploads\/2021\/05\/nektarowa-foto-1-200913-bez-ramki-768x1152.jpg 768w, https:\/\/milke.se\/wp-content\/uploads\/2021\/05\/nektarowa-foto-1-200913-bez-ramki-1024x1536.jpg 1024w, https:\/\/milke.se\/wp-content\/uploads\/2021\/05\/nektarowa-foto-1-200913-bez-ramki-1365x2048.jpg 1365w, https:\/\/milke.se\/wp-content\/uploads\/2021\/05\/nektarowa-foto-1-200913-bez-ramki-565x848.jpg 565w, https:\/\/milke.se\/wp-content\/uploads\/2021\/05\/nektarowa-foto-1-200913-bez-ramki-937x1406.jpg 937w, https:\/\/milke.se\/wp-content\/uploads\/2021\/05\/nektarowa-foto-1-200913-bez-ramki-scaled.jpg 1707w\" sizes=\"auto, (max-width: 683px) 100vw, 683px\" \/><\/a><\/figure><\/li><li class=\"blocks-gallery-item\"><figure><a href=\"https:\/\/milke.se\/wp-content\/uploads\/2021\/05\/nektarowa-foto-2-200913-bez-ramki-scaled.jpg\"><img loading=\"lazy\" decoding=\"async\" width=\"683\" height=\"1024\" src=\"https:\/\/milke.se\/wp-content\/uploads\/2021\/05\/nektarowa-foto-2-200913-bez-ramki-683x1024.jpg\" alt=\"\" data-id=\"8419\" data-full-url=\"https:\/\/milke.se\/wp-content\/uploads\/2021\/05\/nektarowa-foto-2-200913-bez-ramki-scaled.jpg\" data-link=\"https:\/\/milke.se?attachment_id=8419\" class=\"wp-image-8419\" srcset=\"https:\/\/milke.se\/wp-content\/uploads\/2021\/05\/nektarowa-foto-2-200913-bez-ramki-683x1024.jpg 683w, https:\/\/milke.se\/wp-content\/uploads\/2021\/05\/nektarowa-foto-2-200913-bez-ramki-200x300.jpg 200w, https:\/\/milke.se\/wp-content\/uploads\/2021\/05\/nektarowa-foto-2-200913-bez-ramki-768x1152.jpg 768w, https:\/\/milke.se\/wp-content\/uploads\/2021\/05\/nektarowa-foto-2-200913-bez-ramki-1024x1536.jpg 1024w, https:\/\/milke.se\/wp-content\/uploads\/2021\/05\/nektarowa-foto-2-200913-bez-ramki-1365x2048.jpg 1365w, https:\/\/milke.se\/wp-content\/uploads\/2021\/05\/nektarowa-foto-2-200913-bez-ramki-565x848.jpg 565w, https:\/\/milke.se\/wp-content\/uploads\/2021\/05\/nektarowa-foto-2-200913-bez-ramki-937x1406.jpg 937w, https:\/\/milke.se\/wp-content\/uploads\/2021\/05\/nektarowa-foto-2-200913-bez-ramki-scaled.jpg 1707w\" sizes=\"auto, (max-width: 683px) 100vw, 683px\" \/><\/a><\/figure><\/li><li class=\"blocks-gallery-item\"><figure><a href=\"https:\/\/milke.se\/wp-content\/uploads\/2021\/05\/nektarowa-foto-4-200913-bez-ramki-scaled.jpg\"><img loading=\"lazy\" decoding=\"async\" width=\"683\" height=\"1024\" src=\"https:\/\/milke.se\/wp-content\/uploads\/2021\/05\/nektarowa-foto-4-200913-bez-ramki-683x1024.jpg\" alt=\"\" data-id=\"8420\" data-full-url=\"https:\/\/milke.se\/wp-content\/uploads\/2021\/05\/nektarowa-foto-4-200913-bez-ramki-scaled.jpg\" data-link=\"https:\/\/milke.se?attachment_id=8420\" class=\"wp-image-8420\" srcset=\"https:\/\/milke.se\/wp-content\/uploads\/2021\/05\/nektarowa-foto-4-200913-bez-ramki-683x1024.jpg 683w, https:\/\/milke.se\/wp-content\/uploads\/2021\/05\/nektarowa-foto-4-200913-bez-ramki-200x300.jpg 200w, https:\/\/milke.se\/wp-content\/uploads\/2021\/05\/nektarowa-foto-4-200913-bez-ramki-768x1152.jpg 768w, https:\/\/milke.se\/wp-content\/uploads\/2021\/05\/nektarowa-foto-4-200913-bez-ramki-1024x1536.jpg 1024w, https:\/\/milke.se\/wp-content\/uploads\/2021\/05\/nektarowa-foto-4-200913-bez-ramki-1365x2048.jpg 1365w, https:\/\/milke.se\/wp-content\/uploads\/2021\/05\/nektarowa-foto-4-200913-bez-ramki-565x848.jpg 565w, https:\/\/milke.se\/wp-content\/uploads\/2021\/05\/nektarowa-foto-4-200913-bez-ramki-937x1406.jpg 937w, https:\/\/milke.se\/wp-content\/uploads\/2021\/05\/nektarowa-foto-4-200913-bez-ramki-scaled.jpg 1707w\" sizes=\"auto, (max-width: 683px) 100vw, 683px\" \/><\/a><\/figure><\/li><li class=\"blocks-gallery-item\"><figure><a href=\"https:\/\/milke.se\/wp-content\/uploads\/2021\/05\/nektarowa-foto-5-200913-bez-ramki-scaled.jpg\"><img loading=\"lazy\" decoding=\"async\" width=\"683\" height=\"1024\" src=\"https:\/\/milke.se\/wp-content\/uploads\/2021\/05\/nektarowa-foto-5-200913-bez-ramki-683x1024.jpg\" alt=\"\" data-id=\"8421\" data-full-url=\"https:\/\/milke.se\/wp-content\/uploads\/2021\/05\/nektarowa-foto-5-200913-bez-ramki-scaled.jpg\" data-link=\"https:\/\/milke.se?attachment_id=8421\" class=\"wp-image-8421\" srcset=\"https:\/\/milke.se\/wp-content\/uploads\/2021\/05\/nektarowa-foto-5-200913-bez-ramki-683x1024.jpg 683w, https:\/\/milke.se\/wp-content\/uploads\/2021\/05\/nektarowa-foto-5-200913-bez-ramki-200x300.jpg 200w, https:\/\/milke.se\/wp-content\/uploads\/2021\/05\/nektarowa-foto-5-200913-bez-ramki-768x1152.jpg 768w, https:\/\/milke.se\/wp-content\/uploads\/2021\/05\/nektarowa-foto-5-200913-bez-ramki-1024x1536.jpg 1024w, https:\/\/milke.se\/wp-content\/uploads\/2021\/05\/nektarowa-foto-5-200913-bez-ramki-1365x2048.jpg 1365w, https:\/\/milke.se\/wp-content\/uploads\/2021\/05\/nektarowa-foto-5-200913-bez-ramki-565x848.jpg 565w, https:\/\/milke.se\/wp-content\/uploads\/2021\/05\/nektarowa-foto-5-200913-bez-ramki-937x1406.jpg 937w, https:\/\/milke.se\/wp-content\/uploads\/2021\/05\/nektarowa-foto-5-200913-bez-ramki-scaled.jpg 1707w\" sizes=\"auto, (max-width: 683px) 100vw, 683px\" \/><\/a><\/figure><\/li><li class=\"blocks-gallery-item\"><figure><a href=\"https:\/\/milke.se\/wp-content\/uploads\/2021\/05\/nektarowa-foto-8-200913-bez-ramki-scaled.jpg\"><img loading=\"lazy\" decoding=\"async\" width=\"683\" height=\"1024\" src=\"https:\/\/milke.se\/wp-content\/uploads\/2021\/05\/nektarowa-foto-8-200913-bez-ramki-683x1024.jpg\" alt=\"\" data-id=\"8422\" data-full-url=\"https:\/\/milke.se\/wp-content\/uploads\/2021\/05\/nektarowa-foto-8-200913-bez-ramki-scaled.jpg\" data-link=\"https:\/\/milke.se?attachment_id=8422\" class=\"wp-image-8422\" srcset=\"https:\/\/milke.se\/wp-content\/uploads\/2021\/05\/nektarowa-foto-8-200913-bez-ramki-683x1024.jpg 683w, https:\/\/milke.se\/wp-content\/uploads\/2021\/05\/nektarowa-foto-8-200913-bez-ramki-200x300.jpg 200w, https:\/\/milke.se\/wp-content\/uploads\/2021\/05\/nektarowa-foto-8-200913-bez-ramki-768x1152.jpg 768w, https:\/\/milke.se\/wp-content\/uploads\/2021\/05\/nektarowa-foto-8-200913-bez-ramki-1024x1536.jpg 1024w, https:\/\/milke.se\/wp-content\/uploads\/2021\/05\/nektarowa-foto-8-200913-bez-ramki-1365x2048.jpg 1365w, https:\/\/milke.se\/wp-content\/uploads\/2021\/05\/nektarowa-foto-8-200913-bez-ramki-565x848.jpg 565w, https:\/\/milke.se\/wp-content\/uploads\/2021\/05\/nektarowa-foto-8-200913-bez-ramki-937x1406.jpg 937w, https:\/\/milke.se\/wp-content\/uploads\/2021\/05\/nektarowa-foto-8-200913-bez-ramki-scaled.jpg 1707w\" sizes=\"auto, (max-width: 683px) 100vw, 683px\" \/><\/a><\/figure><\/li><\/ul><\/figure>\n\n\n\n<blockquote class=\"wp-block-quote is-layout-flow wp-block-quote-is-layout-flow\"><p>DODATKOWO<\/p><\/blockquote>\n\n\n\n<p><span class=\"has-inline-color has-black-color\"><span style=\"text-decoration: underline;\">Obiecali\u015bmy niespodziank\u0119 i dodatkowy projekt od A2plus1. By\u0142y ju\u017c dwa domy, wi\u0119c teraz ruszmy w kierunku nieco wi\u0119kszych gabaryt\u00f3w.<\/span><\/span><\/p>\n\n\n\n<blockquote class=\"wp-block-quote is-layout-flow wp-block-quote-is-layout-flow\"><p>Bi_01<br>Temat:\u00a0 Hala targowa<br>Pracownia: A2+1 Paradysz&Miko\u0142ajczyk<br>Inwestor prywatny<\/p><\/blockquote>\n\n\n\n<p>Osiedlowa hala targowa powstaj\u0105ca we Wroc\u0142awiu, w s\u0105siedztwie poniemieckiej zabudowy mieszkaniowej \u2013 nie by\u0142o innego wyboru, ni\u017c ceg\u0142a na elewacji. S\u0105siednie, stuletnie budynki z\u00a0dwuspadowym dachem wykonane s\u0105 z klasycznej, czerwonej ceg\u0142y, z elementami dekoracyjnymi z\u00a0czarnej klinkier\u00f3wki oraz bia\u0142\u0105 stolark\u0105. Ze wzgl\u0119du na funkcj\u0119 handlow\u0105 wa\u017cne by\u0142o, aby nowa hala nie \u201eonie\u015bmiela\u0142a\u201d przysz\u0142ych klient\u00f3w, a sprawia\u0142a raczej wra\u017cenie, jakby od dawna by\u0142a cz\u0119\u015bci\u0105 osiedla. Dla budynku hali, kt\u00f3ry jest nowoczesny i\u00a0geometryczny w formie, zastosowali\u015bmy wi\u0119c kolorystyk\u0119 sp\u00f3jn\u0105 z zastan\u0105 zabudow\u0105 oraz wykorzystali\u015bmy podobny materia\u0142 \u2013 ceg\u0142\u0119 o pi\u0119knym wypaleniu z efektem postarzanej czerwieni.\u00a0\u00a0<\/p>\n\n\n\n<figure class=\"wp-block-gallery columns-1 is-cropped wp-block-gallery-3 is-layout-flex wp-block-gallery-is-layout-flex\"><ul class=\"blocks-gallery-grid\"><li class=\"blocks-gallery-item\"><figure><a href=\"https:\/\/milke.se\/wp-content\/uploads\/2021\/05\/birmanska-uj-1W_swiatlo_billbord-201215-podglad-scaled.jpg\"><img loading=\"lazy\" decoding=\"async\" width=\"1024\" height=\"717\" src=\"https:\/\/milke.se\/wp-content\/uploads\/2021\/05\/birmanska-uj-1W_swiatlo_billbord-201215-podglad-1024x717.jpg\" alt=\"\" data-id=\"8423\" data-full-url=\"https:\/\/milke.se\/wp-content\/uploads\/2021\/05\/birmanska-uj-1W_swiatlo_billbord-201215-podglad-scaled.jpg\" data-link=\"https:\/\/milke.se?attachment_id=8423\" class=\"wp-image-8423\" srcset=\"https:\/\/milke.se\/wp-content\/uploads\/2021\/05\/birmanska-uj-1W_swiatlo_billbord-201215-podglad-1024x717.jpg 1024w, https:\/\/milke.se\/wp-content\/uploads\/2021\/05\/birmanska-uj-1W_swiatlo_billbord-201215-podglad-300x210.jpg 300w, https:\/\/milke.se\/wp-content\/uploads\/2021\/05\/birmanska-uj-1W_swiatlo_billbord-201215-podglad-768x538.jpg 768w, https:\/\/milke.se\/wp-content\/uploads\/2021\/05\/birmanska-uj-1W_swiatlo_billbord-201215-podglad-1536x1075.jpg 1536w, https:\/\/milke.se\/wp-content\/uploads\/2021\/05\/birmanska-uj-1W_swiatlo_billbord-201215-podglad-2048x1434.jpg 2048w, https:\/\/milke.se\/wp-content\/uploads\/2021\/05\/birmanska-uj-1W_swiatlo_billbord-201215-podglad-565x396.jpg 565w, https:\/\/milke.se\/wp-content\/uploads\/2021\/05\/birmanska-uj-1W_swiatlo_billbord-201215-podglad-937x656.jpg 937w\" sizes=\"auto, (max-width: 1024px) 100vw, 1024px\" \/><\/a><\/figure><\/li><li class=\"blocks-gallery-item\"><figure><a href=\"https:\/\/milke.se\/wp-content\/uploads\/2021\/05\/Birmanska-uj-2-210205-podglad-scaled.jpg\"><img loading=\"lazy\" decoding=\"async\" width=\"1024\" height=\"717\" src=\"https:\/\/milke.se\/wp-content\/uploads\/2021\/05\/Birmanska-uj-2-210205-podglad-1024x717.jpg\" alt=\"\" data-id=\"8424\" data-full-url=\"https:\/\/milke.se\/wp-content\/uploads\/2021\/05\/Birmanska-uj-2-210205-podglad-scaled.jpg\" data-link=\"https:\/\/milke.se?attachment_id=8424\" class=\"wp-image-8424\" srcset=\"https:\/\/milke.se\/wp-content\/uploads\/2021\/05\/Birmanska-uj-2-210205-podglad-1024x717.jpg 1024w, https:\/\/milke.se\/wp-content\/uploads\/2021\/05\/Birmanska-uj-2-210205-podglad-300x210.jpg 300w, https:\/\/milke.se\/wp-content\/uploads\/2021\/05\/Birmanska-uj-2-210205-podglad-768x538.jpg 768w, https:\/\/milke.se\/wp-content\/uploads\/2021\/05\/Birmanska-uj-2-210205-podglad-1536x1075.jpg 1536w, https:\/\/milke.se\/wp-content\/uploads\/2021\/05\/Birmanska-uj-2-210205-podglad-2048x1434.jpg 2048w, https:\/\/milke.se\/wp-content\/uploads\/2021\/05\/Birmanska-uj-2-210205-podglad-565x396.jpg 565w, https:\/\/milke.se\/wp-content\/uploads\/2021\/05\/Birmanska-uj-2-210205-podglad-937x656.jpg 937w\" sizes=\"auto, (max-width: 1024px) 100vw, 1024px\" \/><\/a><\/figure><\/li><li class=\"blocks-gallery-item\"><figure><a href=\"https:\/\/milke.se\/wp-content\/uploads\/2021\/05\/Birmanska-uj-3-210205-podglad-scaled.jpg\"><img loading=\"lazy\" decoding=\"async\" width=\"717\" height=\"1024\" src=\"https:\/\/milke.se\/wp-content\/uploads\/2021\/05\/Birmanska-uj-3-210205-podglad-717x1024.jpg\" alt=\"\" data-id=\"8425\" data-full-url=\"https:\/\/milke.se\/wp-content\/uploads\/2021\/05\/Birmanska-uj-3-210205-podglad-scaled.jpg\" data-link=\"https:\/\/milke.se?attachment_id=8425\" class=\"wp-image-8425\" srcset=\"https:\/\/milke.se\/wp-content\/uploads\/2021\/05\/Birmanska-uj-3-210205-podglad-717x1024.jpg 717w, https:\/\/milke.se\/wp-content\/uploads\/2021\/05\/Birmanska-uj-3-210205-podglad-210x300.jpg 210w, https:\/\/milke.se\/wp-content\/uploads\/2021\/05\/Birmanska-uj-3-210205-podglad-768x1097.jpg 768w, https:\/\/milke.se\/wp-content\/uploads\/2021\/05\/Birmanska-uj-3-210205-podglad-1075x1536.jpg 1075w, https:\/\/milke.se\/wp-content\/uploads\/2021\/05\/Birmanska-uj-3-210205-podglad-1434x2048.jpg 1434w, https:\/\/milke.se\/wp-content\/uploads\/2021\/05\/Birmanska-uj-3-210205-podglad-565x807.jpg 565w, https:\/\/milke.se\/wp-content\/uploads\/2021\/05\/Birmanska-uj-3-210205-podglad-937x1339.jpg 937w, https:\/\/milke.se\/wp-content\/uploads\/2021\/05\/Birmanska-uj-3-210205-podglad-scaled.jpg 1792w\" sizes=\"auto, (max-width: 717px) 100vw, 717px\" \/><\/a><\/figure><\/li><\/ul><\/figure>\n\n\n\n<p><span class=\"has-inline-color has-black-color\"><span style=\"text-decoration: underline;\"><a href=\"http:\/\/www.a2plus1.pl\" target=\"_blank\" rel=\"noreferrer noopener\">WI\u0118CEJ NA: A2+1<\/a><\/span><\/span><\/p>","protected":false},"excerpt":{"rendered":"<p>Wpis z 15 maja 2021r. Nadesz\u0142a sobota, wi\u0119c kontunuujemy poznawanie architekt\u00f3w. Po tej naszej Akcji #poznajmyarchitekt\u00f3w tak namacalnie wida\u0107, jak ten czas szybko leci. Co si\u0119 nie obejrzymy \u2013 ju\u017c&hellip;<\/p>","protected":false},"author":10,"featured_media":8412,"comment_status":"closed","ping_status":"closed","sticky":false,"template":"","format":"standard","meta":{"footnotes":""},"categories":[244],"tags":[],"class_list":["post-8411","post","type-post","status-publish","format-standard","has-post-thumbnail","hentry","category-architekci"],"yoast_head":"<!-- This site is optimized with the Yoast SEO plugin v27.5 - https:\/\/yoast.com\/product\/yoast-seo-wordpress\/ -->\n<title>\u201cPoznajmy Architekt\u00f3w\u201d \u2013 A2plus1 - Sklep milke.se<\/title>\n<meta name=\"robots\" content=\"index, follow, max-snippet:-1, max-image-preview:large, max-video-preview:-1\" \/>\n<link rel=\"canonical\" href=\"http:\/\/milke.se\/en\/poznajmy-architektow-a2plus1\/\" \/>\n<meta property=\"og:locale\" content=\"en_GB\" \/>\n<meta property=\"og:type\" content=\"article\" \/>\n<meta property=\"og:title\" content=\"\u201cPoznajmy Architekt\u00f3w\u201d \u2013 A2plus1 - Sklep milke.se\" \/>\n<meta property=\"og:description\" content=\"Wpis z 15 maja 2021r. Nadesz\u0142a sobota, wi\u0119c kontunuujemy poznawanie architekt\u00f3w. Po tej naszej Akcji #poznajmyarchitekt\u00f3w tak namacalnie wida\u0107, jak ten czas szybko leci. Co si\u0119 nie obejrzymy \u2013 ju\u017c&hellip;\" \/>\n<meta property=\"og:url\" content=\"http:\/\/milke.se\/en\/poznajmy-architektow-a2plus1\/\" \/>\n<meta property=\"og:site_name\" content=\"Sklep milke.se\" \/>\n<meta property=\"article:published_time\" content=\"2021-05-16T08:19:24+00:00\" \/>\n<meta property=\"article:modified_time\" content=\"2021-05-16T08:19:27+00:00\" \/>\n<meta property=\"og:image\" content=\"http:\/\/milke.se\/wp-content\/uploads\/2021\/05\/dom-RG-uj-3-201010_opis-pl-scaled.jpg\" \/>\n\t<meta property=\"og:image:width\" content=\"2560\" \/>\n\t<meta property=\"og:image:height\" content=\"1280\" \/>\n\t<meta property=\"og:image:type\" content=\"image\/jpeg\" \/>\n<meta name=\"author\" content=\"gosia\" \/>\n<meta name=\"twitter:card\" content=\"summary_large_image\" \/>\n<meta name=\"twitter:label1\" content=\"Written by\" \/>\n\t<meta name=\"twitter:data1\" content=\"gosia\" \/>\n\t<meta name=\"twitter:label2\" content=\"Estimated reading time\" \/>\n\t<meta name=\"twitter:data2\" content=\"6 minutes\" \/>\n<script type=\"application\/ld+json\" class=\"yoast-schema-graph\">{\"@context\":\"https:\\\/\\\/schema.org\",\"@graph\":[{\"@type\":\"Article\",\"@id\":\"http:\\\/\\\/milke.se\\\/en\\\/poznajmy-architektow-a2plus1\\\/#article\",\"isPartOf\":{\"@id\":\"http:\\\/\\\/milke.se\\\/en\\\/poznajmy-architektow-a2plus1\\\/\"},\"author\":{\"name\":\"gosia\",\"@id\":\"https:\\\/\\\/milke.se\\\/#\\\/schema\\\/person\\\/fadf617787bffa00eed5e043f93c6658\"},\"headline\":\"\u201cPoznajmy Architekt\u00f3w\u201d \u2013 A2plus1\",\"datePublished\":\"2021-05-16T08:19:24+00:00\",\"dateModified\":\"2021-05-16T08:19:27+00:00\",\"mainEntityOfPage\":{\"@id\":\"http:\\\/\\\/milke.se\\\/en\\\/poznajmy-architektow-a2plus1\\\/\"},\"wordCount\":644,\"image\":{\"@id\":\"http:\\\/\\\/milke.se\\\/en\\\/poznajmy-architektow-a2plus1\\\/#primaryimage\"},\"thumbnailUrl\":\"https:\\\/\\\/milke.se\\\/wp-content\\\/uploads\\\/2021\\\/05\\\/dom-RG-uj-3-201010_opis-pl-scaled.jpg\",\"articleSection\":[\"Architekci\"],\"inLanguage\":\"en-GB\"},{\"@type\":\"WebPage\",\"@id\":\"http:\\\/\\\/milke.se\\\/en\\\/poznajmy-architektow-a2plus1\\\/\",\"url\":\"http:\\\/\\\/milke.se\\\/en\\\/poznajmy-architektow-a2plus1\\\/\",\"name\":\"\u201cPoznajmy Architekt\u00f3w\u201d \u2013 A2plus1 - Sklep milke.se\",\"isPartOf\":{\"@id\":\"https:\\\/\\\/milke.se\\\/#website\"},\"primaryImageOfPage\":{\"@id\":\"http:\\\/\\\/milke.se\\\/en\\\/poznajmy-architektow-a2plus1\\\/#primaryimage\"},\"image\":{\"@id\":\"http:\\\/\\\/milke.se\\\/en\\\/poznajmy-architektow-a2plus1\\\/#primaryimage\"},\"thumbnailUrl\":\"https:\\\/\\\/milke.se\\\/wp-content\\\/uploads\\\/2021\\\/05\\\/dom-RG-uj-3-201010_opis-pl-scaled.jpg\",\"datePublished\":\"2021-05-16T08:19:24+00:00\",\"dateModified\":\"2021-05-16T08:19:27+00:00\",\"author\":{\"@id\":\"https:\\\/\\\/milke.se\\\/#\\\/schema\\\/person\\\/fadf617787bffa00eed5e043f93c6658\"},\"breadcrumb\":{\"@id\":\"http:\\\/\\\/milke.se\\\/en\\\/poznajmy-architektow-a2plus1\\\/#breadcrumb\"},\"inLanguage\":\"en-GB\",\"potentialAction\":[{\"@type\":\"ReadAction\",\"target\":[\"http:\\\/\\\/milke.se\\\/en\\\/poznajmy-architektow-a2plus1\\\/\"]}]},{\"@type\":\"ImageObject\",\"inLanguage\":\"en-GB\",\"@id\":\"http:\\\/\\\/milke.se\\\/en\\\/poznajmy-architektow-a2plus1\\\/#primaryimage\",\"url\":\"https:\\\/\\\/milke.se\\\/wp-content\\\/uploads\\\/2021\\\/05\\\/dom-RG-uj-3-201010_opis-pl-scaled.jpg\",\"contentUrl\":\"https:\\\/\\\/milke.se\\\/wp-content\\\/uploads\\\/2021\\\/05\\\/dom-RG-uj-3-201010_opis-pl-scaled.jpg\",\"width\":2560,\"height\":1280},{\"@type\":\"BreadcrumbList\",\"@id\":\"http:\\\/\\\/milke.se\\\/en\\\/poznajmy-architektow-a2plus1\\\/#breadcrumb\",\"itemListElement\":[{\"@type\":\"ListItem\",\"position\":1,\"name\":\"Strona g\u0142\u00f3wna\",\"item\":\"https:\\\/\\\/milke.se\\\/\"},{\"@type\":\"ListItem\",\"position\":2,\"name\":\"\u201cPoznajmy Architekt\u00f3w\u201d \u2013 A2plus1\"}]},{\"@type\":\"WebSite\",\"@id\":\"https:\\\/\\\/milke.se\\\/#website\",\"url\":\"https:\\\/\\\/milke.se\\\/\",\"name\":\"Sklep milke.se\",\"description\":\"\",\"potentialAction\":[{\"@type\":\"SearchAction\",\"target\":{\"@type\":\"EntryPoint\",\"urlTemplate\":\"https:\\\/\\\/milke.se\\\/?s={search_term_string}\"},\"query-input\":{\"@type\":\"PropertyValueSpecification\",\"valueRequired\":true,\"valueName\":\"search_term_string\"}}],\"inLanguage\":\"en-GB\"},{\"@type\":\"Person\",\"@id\":\"https:\\\/\\\/milke.se\\\/#\\\/schema\\\/person\\\/fadf617787bffa00eed5e043f93c6658\",\"name\":\"gosia\",\"image\":{\"@type\":\"ImageObject\",\"inLanguage\":\"en-GB\",\"@id\":\"https:\\\/\\\/secure.gravatar.com\\\/avatar\\\/d015641c701744bad013fbd8e231a522c13d4427fa0ef10ccc1b97361270dec2?s=96&d=mm&r=g\",\"url\":\"https:\\\/\\\/secure.gravatar.com\\\/avatar\\\/d015641c701744bad013fbd8e231a522c13d4427fa0ef10ccc1b97361270dec2?s=96&d=mm&r=g\",\"contentUrl\":\"https:\\\/\\\/secure.gravatar.com\\\/avatar\\\/d015641c701744bad013fbd8e231a522c13d4427fa0ef10ccc1b97361270dec2?s=96&d=mm&r=g\",\"caption\":\"gosia\"},\"description\":\"Ma\u0142gorzata Milke Head of Marketing MILKE | Marketing kreatywny | Marketing internetowy | Strategia + Komunikacja | Tworz\u0119 biznesowe pomys\u0142y. Wykorzystuj\u0119 kreatywnie umys\u0142. Pisz\u0119 z pasj\u0105. Beton w moim towarzystwie w ko\u0144cu ma szasn\u0119 o\u017cy\u0107 i pokaza\u0107 sw\u00f3j prawdziwy charakter.\",\"url\":\"https:\\\/\\\/milke.se\\\/en\\\/author\\\/gosia\\\/\"}]}<\/script>\n<!-- \/ Yoast SEO plugin. -->","yoast_head_json":{"title":"\u201cPoznajmy Architekt\u00f3w\u201d \u2013 A2plus1 - Sklep milke.se","robots":{"index":"index","follow":"follow","max-snippet":"max-snippet:-1","max-image-preview":"max-image-preview:large","max-video-preview":"max-video-preview:-1"},"canonical":"http:\/\/milke.se\/en\/poznajmy-architektow-a2plus1\/","og_locale":"en_GB","og_type":"article","og_title":"\u201cPoznajmy Architekt\u00f3w\u201d \u2013 A2plus1 - Sklep milke.se","og_description":"Wpis z 15 maja 2021r. Nadesz\u0142a sobota, wi\u0119c kontunuujemy poznawanie architekt\u00f3w. Po tej naszej Akcji #poznajmyarchitekt\u00f3w tak namacalnie wida\u0107, jak ten czas szybko leci. Co si\u0119 nie obejrzymy \u2013 ju\u017c&hellip;","og_url":"http:\/\/milke.se\/en\/poznajmy-architektow-a2plus1\/","og_site_name":"Sklep milke.se","article_published_time":"2021-05-16T08:19:24+00:00","article_modified_time":"2021-05-16T08:19:27+00:00","og_image":[{"width":2560,"height":1280,"url":"http:\/\/milke.se\/wp-content\/uploads\/2021\/05\/dom-RG-uj-3-201010_opis-pl-scaled.jpg","type":"image\/jpeg"}],"author":"gosia","twitter_card":"summary_large_image","twitter_misc":{"Written by":"gosia","Estimated reading time":"6 minutes"},"schema":{"@context":"https:\/\/schema.org","@graph":[{"@type":"Article","@id":"http:\/\/milke.se\/en\/poznajmy-architektow-a2plus1\/#article","isPartOf":{"@id":"http:\/\/milke.se\/en\/poznajmy-architektow-a2plus1\/"},"author":{"name":"gosia","@id":"https:\/\/milke.se\/#\/schema\/person\/fadf617787bffa00eed5e043f93c6658"},"headline":"\u201cPoznajmy Architekt\u00f3w\u201d \u2013 A2plus1","datePublished":"2021-05-16T08:19:24+00:00","dateModified":"2021-05-16T08:19:27+00:00","mainEntityOfPage":{"@id":"http:\/\/milke.se\/en\/poznajmy-architektow-a2plus1\/"},"wordCount":644,"image":{"@id":"http:\/\/milke.se\/en\/poznajmy-architektow-a2plus1\/#primaryimage"},"thumbnailUrl":"https:\/\/milke.se\/wp-content\/uploads\/2021\/05\/dom-RG-uj-3-201010_opis-pl-scaled.jpg","articleSection":["Architekci"],"inLanguage":"en-GB"},{"@type":"WebPage","@id":"http:\/\/milke.se\/en\/poznajmy-architektow-a2plus1\/","url":"http:\/\/milke.se\/en\/poznajmy-architektow-a2plus1\/","name":"\u201cPoznajmy Architekt\u00f3w\u201d \u2013 A2plus1 - Sklep milke.se","isPartOf":{"@id":"https:\/\/milke.se\/#website"},"primaryImageOfPage":{"@id":"http:\/\/milke.se\/en\/poznajmy-architektow-a2plus1\/#primaryimage"},"image":{"@id":"http:\/\/milke.se\/en\/poznajmy-architektow-a2plus1\/#primaryimage"},"thumbnailUrl":"https:\/\/milke.se\/wp-content\/uploads\/2021\/05\/dom-RG-uj-3-201010_opis-pl-scaled.jpg","datePublished":"2021-05-16T08:19:24+00:00","dateModified":"2021-05-16T08:19:27+00:00","author":{"@id":"https:\/\/milke.se\/#\/schema\/person\/fadf617787bffa00eed5e043f93c6658"},"breadcrumb":{"@id":"http:\/\/milke.se\/en\/poznajmy-architektow-a2plus1\/#breadcrumb"},"inLanguage":"en-GB","potentialAction":[{"@type":"ReadAction","target":["http:\/\/milke.se\/en\/poznajmy-architektow-a2plus1\/"]}]},{"@type":"ImageObject","inLanguage":"en-GB","@id":"http:\/\/milke.se\/en\/poznajmy-architektow-a2plus1\/#primaryimage","url":"https:\/\/milke.se\/wp-content\/uploads\/2021\/05\/dom-RG-uj-3-201010_opis-pl-scaled.jpg","contentUrl":"https:\/\/milke.se\/wp-content\/uploads\/2021\/05\/dom-RG-uj-3-201010_opis-pl-scaled.jpg","width":2560,"height":1280},{"@type":"BreadcrumbList","@id":"http:\/\/milke.se\/en\/poznajmy-architektow-a2plus1\/#breadcrumb","itemListElement":[{"@type":"ListItem","position":1,"name":"Strona g\u0142\u00f3wna","item":"https:\/\/milke.se\/"},{"@type":"ListItem","position":2,"name":"\u201cPoznajmy Architekt\u00f3w\u201d \u2013 A2plus1"}]},{"@type":"WebSite","@id":"https:\/\/milke.se\/#website","url":"https:\/\/milke.se\/","name":"Shop milke.se","description":"","potentialAction":[{"@type":"SearchAction","target":{"@type":"EntryPoint","urlTemplate":"https:\/\/milke.se\/?s={search_term_string}"},"query-input":{"@type":"PropertyValueSpecification","valueRequired":true,"valueName":"search_term_string"}}],"inLanguage":"en-GB"},{"@type":"Person","@id":"https:\/\/milke.se\/#\/schema\/person\/fadf617787bffa00eed5e043f93c6658","name":"gosia","image":{"@type":"ImageObject","inLanguage":"en-GB","@id":"https:\/\/secure.gravatar.com\/avatar\/d015641c701744bad013fbd8e231a522c13d4427fa0ef10ccc1b97361270dec2?s=96&d=mm&r=g","url":"https:\/\/secure.gravatar.com\/avatar\/d015641c701744bad013fbd8e231a522c13d4427fa0ef10ccc1b97361270dec2?s=96&d=mm&r=g","contentUrl":"https:\/\/secure.gravatar.com\/avatar\/d015641c701744bad013fbd8e231a522c13d4427fa0ef10ccc1b97361270dec2?s=96&d=mm&r=g","caption":"gosia"},"description":"Ma\u0142gorzata Milke Head of Marketing MILKE | Marketing kreatywny | Marketing internetowy | Strategia + Komunikacja | Tworz\u0119 biznesowe pomys\u0142y. Wykorzystuj\u0119 kreatywnie umys\u0142. Pisz\u0119 z pasj\u0105. Beton w moim towarzystwie w ko\u0144cu ma szasn\u0119 o\u017cy\u0107 i pokaza\u0107 sw\u00f3j prawdziwy charakter.","url":"https:\/\/milke.se\/en\/author\/gosia\/"}]}},"_links":{"self":[{"href":"https:\/\/milke.se\/en\/wp-json\/wp\/v2\/posts\/8411","targetHints":{"allow":["GET"]}}],"collection":[{"href":"https:\/\/milke.se\/en\/wp-json\/wp\/v2\/posts"}],"about":[{"href":"https:\/\/milke.se\/en\/wp-json\/wp\/v2\/types\/post"}],"author":[{"embeddable":true,"href":"https:\/\/milke.se\/en\/wp-json\/wp\/v2\/users\/10"}],"replies":[{"embeddable":true,"href":"https:\/\/milke.se\/en\/wp-json\/wp\/v2\/comments?post=8411"}],"version-history":[{"count":3,"href":"https:\/\/milke.se\/en\/wp-json\/wp\/v2\/posts\/8411\/revisions"}],"predecessor-version":[{"id":8432,"href":"https:\/\/milke.se\/en\/wp-json\/wp\/v2\/posts\/8411\/revisions\/8432"}],"wp:featuredmedia":[{"embeddable":true,"href":"https:\/\/milke.se\/en\/wp-json\/wp\/v2\/media\/8412"}],"wp:attachment":[{"href":"https:\/\/milke.se\/en\/wp-json\/wp\/v2\/media?parent=8411"}],"wp:term":[{"taxonomy":"category","embeddable":true,"href":"https:\/\/milke.se\/en\/wp-json\/wp\/v2\/categories?post=8411"},{"taxonomy":"post_tag","embeddable":true,"href":"https:\/\/milke.se\/en\/wp-json\/wp\/v2\/tags?post=8411"}],"curies":[{"name":"wp","href":"https:\/\/api.w.org\/{rel}","templated":true}]}}